{"id":38726,"date":"2016-07-21T09:20:57","date_gmt":"2016-07-21T14:20:57","guid":{"rendered":"http:\/\/lamendigapolitica.com\/blog\/?p=38726"},"modified":"2016-07-21T09:20:57","modified_gmt":"2016-07-21T14:20:57","slug":"presentaran-recurso-legal-contra-ley-3-de-3","status":"publish","type":"post","link":"https:\/\/lamendigapolitica.com\/?p=38726","title":{"rendered":"Presentar\u00e1n  recurso legal contra Ley 3 de 3"},"content":{"rendered":"<p><a href=\"https:\/\/lamendigapolitica.com\/blog\/blog\/wp-content\/uploads\/2016\/07\/diputados.jpg\" rel=\"attachment wp-att-38727\"><img loading=\"lazy\" decoding=\"async\" class=\"aligncenter  wp-image-38727\" src=\"https:\/\/lamendigapolitica.com\/blog\/blog\/wp-content\/uploads\/2016\/07\/diputados.jpg\" alt=\"diputados\" width=\"387\" height=\"249\" \/><\/a><\/p>\n<p>&nbsp;<\/p>\n<p>Una acci\u00f3n de inconstitucionalidad en un \u00faltimo esfuerzo por echar abajo la redacci\u00f3n del art\u00edculo 29 de llamada Ley 3 de 3, en la que a su parecer no est\u00e1 claro el mecanismo para dar m\u00e1xima publicidad a las declaraciones patrimonial, fiscal y de conflicto de inter\u00e9s por parte de los servidores p\u00fablicos y, adem\u00e1s, no cumple con la exigencia de la sociedad civil, presentar\u00e1 el bloque de izquierda en la C\u00e1mara de Diputados.<\/p>\n<p>&nbsp;<\/p>\n<p>El coordinador de Movimiento Ciudadano (MC), Jos\u00e9 Clemente Casta\u00f1eda, lanz\u00f3 dicha convocatoria que tuvo eco en las bancadas del PRD y de Morena. Incluso, el coordinador del PAN, Marko Cort\u00e9s, anunci\u00f3 que eval\u00faa dicho mecanismo para cambiar el art\u00edculo 29 y garantizar la transparencia en las declaraciones de los servidores p\u00fablicos. De acuerdo con la Constituci\u00f3n, se requiere la firma de 165 diputados para promover tal recurso contra el art\u00edculo 29 de la Ley General de Responsabilidades Administrativas.<\/p>\n<p>&nbsp;<\/p>\n<p>Record\u00f3 que este aspecto que se plante\u00f3 como eje central en la reforma anticorrupci\u00f3n, dej\u00f3 \u201cun mal sabor de boca\u201d, ya que se dio una interpretaci\u00f3n incorrecta sobre la protecci\u00f3n a la intimidad de los funcionarios y se gener\u00f3 \u201cun escenario que impide conocer su patrimonio al principio y t\u00e9rmino de su encargo\u201d. Como se recordar\u00e1, se permite a los funcionarios reservar informaci\u00f3n que consideren afecte su vida privada o datos personales, como cuentas bancarias. Por separado, el vicecoordinador de Morena, Virgilio Caballero, explic\u00f3 que no hay una pol\u00edtica para que los 36 diputados de la bancada se adhieran en bloque: \u201cSer\u00e1 decisi\u00f3n de cada legislador\u201d.<\/p>\n<p>&nbsp;<\/p>\n<p>El coordinador del PAN, Marko Cort\u00e9s, inform\u00f3 el domingo pasado que debido a que qued\u00f3 pendiente la m\u00e1xima publicidad de las declaraciones 3 de 3, como lo propusieron las organizaciones de la sociedad civil, el PAN analiza presentar una acci\u00f3n de inconstitucionalidad contra el art\u00edculo 29, sin detrimento alguno del resto de leyes que dan vida al nuevo sistema de combate a la corrupci\u00f3n, retomando las mejores pr\u00e1cticas internacionales en la materia. Aunque no precis\u00f3 si esta estrategia ser\u00eda independiente de la que impulsan los diputados de la izquierda en San L\u00e1zaro.<\/p>\n","protected":false},"excerpt":{"rendered":"<p>&nbsp; Una acci\u00f3n de inconstitucionalidad en un \u00faltimo esfuerzo por echar abajo la redacci\u00f3n del art\u00edculo 29 de llamada Ley 3 de 3, en la que a su parecer no est\u00e1 claro el mecanismo para dar m\u00e1xima publicidad a las declaraciones patrimonial, fiscal y de conflicto de inter\u00e9s por parte de los servidores p\u00fablicos y, &hellip; <\/p>\n<p><a class=\"more-link btn\" href=\"https:\/\/lamendigapolitica.com\/?p=38726\">Seguir leyendo<\/a><\/p>\n","protected":false},"author":1,"featured_media":0,"comment_status":"open","ping_status":"closed","sticky":false,"template":"","format":"standard","meta":{"footnotes":""},"categories":[6,20,5,3],"tags":[],"class_list":["post-38726","post","type-post","status-publish","format-standard","hentry","category-congreso","category-gobierno","category-partidos","category-politica","item-wrap"],"_links":{"self":[{"href":"https:\/\/lamendigapolitica.com\/index.php?rest_route=\/wp\/v2\/posts\/38726","targetHints":{"allow":["GET"]}}],"collection":[{"href":"https:\/\/lamendigapolitica.com\/index.php?rest_route=\/wp\/v2\/posts"}],"about":[{"href":"https:\/\/lamendigapolitica.com\/index.php?rest_route=\/wp\/v2\/types\/post"}],"author":[{"embeddable":true,"href":"https:\/\/lamendigapolitica.com\/index.php?rest_route=\/wp\/v2\/users\/1"}],"replies":[{"embeddable":true,"href":"https:\/\/lamendigapolitica.com\/index.php?rest_route=%2Fwp%2Fv2%2Fcomments&post=38726"}],"version-history":[{"count":1,"href":"https:\/\/lamendigapolitica.com\/index.php?rest_route=\/wp\/v2\/posts\/38726\/revisions"}],"predecessor-version":[{"id":38728,"href":"https:\/\/lamendigapolitica.com\/index.php?rest_route=\/wp\/v2\/posts\/38726\/revisions\/38728"}],"wp:attachment":[{"href":"https:\/\/lamendigapolitica.com\/index.php?rest_route=%2Fwp%2Fv2%2Fmedia&parent=38726"}],"wp:term":[{"taxonomy":"category","embeddable":true,"href":"https:\/\/lamendigapolitica.com\/index.php?rest_route=%2Fwp%2Fv2%2Fcategories&post=38726"},{"taxonomy":"post_tag","embeddable":true,"href":"https:\/\/lamendigapolitica.com\/index.php?rest_route=%2Fwp%2Fv2%2Ftags&post=38726"}],"curies":[{"name":"wp","href":"https:\/\/api.w.org\/{rel}","templated":true}]}}