{"id":38712,"date":"2016-07-20T17:05:21","date_gmt":"2016-07-20T22:05:21","guid":{"rendered":"http:\/\/lamendigapolitica.com\/blog\/?p=38712"},"modified":"2016-07-20T17:05:21","modified_gmt":"2016-07-20T22:05:21","slug":"interesa-a-ucrania-carne-de-cerdo-y-de-res-de-jalisco","status":"publish","type":"post","link":"https:\/\/lamendigapolitica.com\/?p=38712","title":{"rendered":"Interesa a Ucrania carne de cerdo y de res de Jalisco"},"content":{"rendered":"<p><a href=\"https:\/\/lamendigapolitica.com\/blog\/blog\/wp-content\/uploads\/2016\/07\/28155526950_30661b3912_z.jpg\" rel=\"attachment wp-att-38713\"><img loading=\"lazy\" decoding=\"async\" class=\"aligncenter  wp-image-38713\" src=\"https:\/\/lamendigapolitica.com\/blog\/blog\/wp-content\/uploads\/2016\/07\/28155526950_30661b3912_z.jpg\" alt=\"28155526950_30661b3912_z\" width=\"336\" height=\"235\" srcset=\"https:\/\/lamendigapolitica.com\/wp-content\/uploads\/2016\/07\/28155526950_30661b3912_z.jpg 640w, https:\/\/lamendigapolitica.com\/wp-content\/uploads\/2016\/07\/28155526950_30661b3912_z-300x210.jpg 300w\" sizes=\"auto, (max-width: 336px) 100vw, 336px\" \/><\/a><\/p>\n<p>&nbsp;<\/p>\n<p>Para analizar de manera conjunta las ventanas de oportunidad entre ambos gobiernos, el inicio de un hermanamiento diplom\u00e1tico, as\u00ed como promover con las autoridades ucranianas el liderazgo que mantiene Jalisco en materia tecnol\u00f3gica, agropecuaria y desarrollo econ\u00f3mico,\u00a0 el Gobernador del Estado, Arist\u00f3teles Sandoval, se reuni\u00f3 hoy con el embajador de Ucrania en M\u00e9xico, Rusl\u00e1n Sp\u00edrin.<\/p>\n<p>&nbsp;<\/p>\n<p>El mandatario estatal instruy\u00f3\u00a0 la instalaci\u00f3n de una mesa de trabajo a fin de iniciar la consolidaci\u00f3n de esta iniciativa, luego de que durante el encuentro suscrito en Casa Jalisco, el embajador Sp\u00edrin manifest\u00f3 su inter\u00e9s por exportar carne de cerdo y de res producida en la entidad al mercado ucraniano, as\u00ed como aceite de aguacate.<\/p>\n<p>&nbsp;<\/p>\n<p>Por su parte \u00a0el gobierno de Ucrania ofrece apoyar a Jalisco en la aplicaci\u00f3n de tecnolog\u00edas para consolidar una planta de tratamiento, particularmente en el tema de purificaci\u00f3n de agua. Esto, debido a que el pa\u00eds del este de Europa cuenta con grandes conocimientos en la materia, tras el accidente nuclear de Chern\u00f3bil.<\/p>\n<p>&nbsp;<\/p>\n<p>La comitiva ucraniana se mostr\u00f3 interesada tambi\u00e9n en conocer las capacidades del estado, identificar oportunidades de negocios para\u00a0 la\u00a0 atracci\u00f3n de empresas ucranianas a Jalisco (generando derrama econ\u00f3mica y empleos para los jaliscienses), especialmente en las \u00e1reas de tecnolog\u00eda y aplicaciones, e industria farmac\u00e9utica, as\u00ed como en conocer el proyecto de Ciudad Creativa Digital.<\/p>\n","protected":false},"excerpt":{"rendered":"<p>&nbsp; Para analizar de manera conjunta las ventanas de oportunidad entre ambos gobiernos, el inicio de un hermanamiento diplom\u00e1tico, as\u00ed como promover con las autoridades ucranianas el liderazgo que mantiene Jalisco en materia tecnol\u00f3gica, agropecuaria y desarrollo econ\u00f3mico,\u00a0 el Gobernador del Estado, Arist\u00f3teles Sandoval, se reuni\u00f3 hoy con el embajador de Ucrania en M\u00e9xico, Rusl\u00e1n &hellip; <\/p>\n<p><a class=\"more-link btn\" href=\"https:\/\/lamendigapolitica.com\/?p=38712\">Seguir leyendo<\/a><\/p>\n","protected":false},"author":1,"featured_media":0,"comment_status":"open","ping_status":"closed","sticky":false,"template":"","format":"standard","meta":{"footnotes":""},"categories":[6,30,20,5,3],"tags":[],"class_list":["post-38712","post","type-post","status-publish","format-standard","hentry","category-congreso","category-economia","category-gobierno","category-partidos","category-politica","item-wrap"],"_links":{"self":[{"href":"https:\/\/lamendigapolitica.com\/index.php?rest_route=\/wp\/v2\/posts\/38712","targetHints":{"allow":["GET"]}}],"collection":[{"href":"https:\/\/lamendigapolitica.com\/index.php?rest_route=\/wp\/v2\/posts"}],"about":[{"href":"https:\/\/lamendigapolitica.com\/index.php?rest_route=\/wp\/v2\/types\/post"}],"author":[{"embeddable":true,"href":"https:\/\/lamendigapolitica.com\/index.php?rest_route=\/wp\/v2\/users\/1"}],"replies":[{"embeddable":true,"href":"https:\/\/lamendigapolitica.com\/index.php?rest_route=%2Fwp%2Fv2%2Fcomments&post=38712"}],"version-history":[{"count":1,"href":"https:\/\/lamendigapolitica.com\/index.php?rest_route=\/wp\/v2\/posts\/38712\/revisions"}],"predecessor-version":[{"id":38714,"href":"https:\/\/lamendigapolitica.com\/index.php?rest_route=\/wp\/v2\/posts\/38712\/revisions\/38714"}],"wp:attachment":[{"href":"https:\/\/lamendigapolitica.com\/index.php?rest_route=%2Fwp%2Fv2%2Fmedia&parent=38712"}],"wp:term":[{"taxonomy":"category","embeddable":true,"href":"https:\/\/lamendigapolitica.com\/index.php?rest_route=%2Fwp%2Fv2%2Fcategories&post=38712"},{"taxonomy":"post_tag","embeddable":true,"href":"https:\/\/lamendigapolitica.com\/index.php?rest_route=%2Fwp%2Fv2%2Ftags&post=38712"}],"curies":[{"name":"wp","href":"https:\/\/api.w.org\/{rel}","templated":true}]}}