{"id":38703,"date":"2016-07-20T10:40:46","date_gmt":"2016-07-20T15:40:46","guid":{"rendered":"http:\/\/lamendigapolitica.com\/blog\/?p=38703"},"modified":"2016-07-20T10:40:46","modified_gmt":"2016-07-20T15:40:46","slug":"bajo-fuerte-operativo-de-seguridad-inauguran-playa-artificial-de-paris","status":"publish","type":"post","link":"https:\/\/lamendigapolitica.com\/?p=38703","title":{"rendered":"Bajo fuerte operativo de seguridad inauguran playa artificial de Par\u00eds"},"content":{"rendered":"<p><a href=\"https:\/\/lamendigapolitica.com\/blog\/blog\/wp-content\/uploads\/2016\/07\/playa.jpg\" rel=\"attachment wp-att-38704\"><img loading=\"lazy\" decoding=\"async\" class=\"aligncenter  wp-image-38704\" src=\"https:\/\/lamendigapolitica.com\/blog\/blog\/wp-content\/uploads\/2016\/07\/playa.jpg\" alt=\"playa\" width=\"400\" height=\"301\" \/><\/a><\/p>\n<p>&nbsp;<\/p>\n<p>La alcaldesa de Par\u00eds, Anne Hidalgo, inaugur\u00f3 hoy la playa fluvial de verano de Par\u00eds en un tramo de la orilla derecha del r\u00edo Sena a su paso por la capital francesa, pero con un fuerte operativo de seguridad debido al reciente atentado de Niza, sur de Francia,<\/p>\n<p>&nbsp;<\/p>\n<p>Los accesos a la playa artificial, que se ubica entre el puente Pont Neuf, el m\u00e1s antiguo de Par\u00eds, y el puente Pont Marie, est\u00e1n controlados por agentes de la polic\u00eda nacional y agentes privados de seguridad que patrullan adem\u00e1s por el recorrido a pie y en bicicleta. Para impedir el acceso a los veh\u00edculos se instalaron bloques de hormig\u00f3n adem\u00e1s de diversas barreras y algunos autos de polic\u00eda permanecer\u00e1n estacionados entre distintos tramos. Adem\u00e1s una lancha de la polic\u00eda nacional francesa patrulla desde el r\u00edo todo el recorrido de la playa.<\/p>\n<p>&nbsp;<\/p>\n<p>Hidalgo explic\u00f3 tambi\u00e9n que en el espacio de conciertos ubicado al lado de la playa en la plaza del Ayuntamiento de Par\u00eds se instal\u00f3 un sistema de ingreso del p\u00fablico a los conciertos similar al f\u00e9rreo operativo de varias barreras que se emple\u00f3 en la Eurocopa de futbol que se disput\u00f3 entre junio y principios de julio en Francia. \u201cLo que esperamos es que la gente, los parisinos y los turistas, aprovechen, disfruten de Par\u00eds\u201d, subray\u00f3 la autoridad local respecto a la playa, que el Ayuntamiento de Par\u00eds ha instalado sin interrupci\u00f3n desde el a\u00f1o 2002, y que esta ma\u00f1ana recorri\u00f3 la alcaldesa seguida por numerosa prensa.<\/p>\n<p>&nbsp;<\/p>\n<p>La arena, y las instalaciones de la playa fueron colocadas en un recorrido por la v\u00eda r\u00e1pida Georges-Pompidou. Una biblioteca, sillas, juegos, regaderas de agua, espacios para ni\u00f1os, un espacio del Museo del Louvre, helader\u00edas y diversas tiendas componen la playa artificial, que este a\u00f1o est\u00e1 dedicada a T\u00fanez. La playa, que incluye tambi\u00e9n un espacio de clases de Tai chi y otro de bailes, as\u00ed como una exposici\u00f3n de pinturas y un peque\u00f1o parque zool\u00f3gico, permanecer\u00e1 abierta desde hoy hasta el pr\u00f3ximo 4 de septiembre.<\/p>\n<p>&nbsp;<\/p>\n<p>Cuenta con sombrillas, palmeras y otros \u00e1rboles y tres mil 500 toneladas de arena fueron esparcidas a lo largo de casi tres kil\u00f3metros de acuerdo al Ayuntamiento de Par\u00eds que record\u00f3 que el ba\u00f1o en el r\u00edo Sena est\u00e1 prohibido. Otra playa paralela se instal\u00f3 en una parte del canal de la Villette en donde se organizan actividades n\u00e1uticas.<\/p>\n","protected":false},"excerpt":{"rendered":"<p>&nbsp; La alcaldesa de Par\u00eds, Anne Hidalgo, inaugur\u00f3 hoy la playa fluvial de verano de Par\u00eds en un tramo de la orilla derecha del r\u00edo Sena a su paso por la capital francesa, pero con un fuerte operativo de seguridad debido al reciente atentado de Niza, sur de Francia, &nbsp; Los accesos a la playa &hellip; <\/p>\n<p><a class=\"more-link btn\" href=\"https:\/\/lamendigapolitica.com\/?p=38703\">Seguir leyendo<\/a><\/p>\n","protected":false},"author":1,"featured_media":0,"comment_status":"open","ping_status":"closed","sticky":false,"template":"","format":"standard","meta":{"footnotes":""},"categories":[6,30,20,3,27,22,24],"tags":[],"class_list":["post-38703","post","type-post","status-publish","format-standard","hentry","category-congreso","category-economia","category-gobierno","category-politica","category-seguridad","category-sociales","category-turismo","item-wrap"],"_links":{"self":[{"href":"https:\/\/lamendigapolitica.com\/index.php?rest_route=\/wp\/v2\/posts\/38703","targetHints":{"allow":["GET"]}}],"collection":[{"href":"https:\/\/lamendigapolitica.com\/index.php?rest_route=\/wp\/v2\/posts"}],"about":[{"href":"https:\/\/lamendigapolitica.com\/index.php?rest_route=\/wp\/v2\/types\/post"}],"author":[{"embeddable":true,"href":"https:\/\/lamendigapolitica.com\/index.php?rest_route=\/wp\/v2\/users\/1"}],"replies":[{"embeddable":true,"href":"https:\/\/lamendigapolitica.com\/index.php?rest_route=%2Fwp%2Fv2%2Fcomments&post=38703"}],"version-history":[{"count":1,"href":"https:\/\/lamendigapolitica.com\/index.php?rest_route=\/wp\/v2\/posts\/38703\/revisions"}],"predecessor-version":[{"id":38705,"href":"https:\/\/lamendigapolitica.com\/index.php?rest_route=\/wp\/v2\/posts\/38703\/revisions\/38705"}],"wp:attachment":[{"href":"https:\/\/lamendigapolitica.com\/index.php?rest_route=%2Fwp%2Fv2%2Fmedia&parent=38703"}],"wp:term":[{"taxonomy":"category","embeddable":true,"href":"https:\/\/lamendigapolitica.com\/index.php?rest_route=%2Fwp%2Fv2%2Fcategories&post=38703"},{"taxonomy":"post_tag","embeddable":true,"href":"https:\/\/lamendigapolitica.com\/index.php?rest_route=%2Fwp%2Fv2%2Ftags&post=38703"}],"curies":[{"name":"wp","href":"https:\/\/api.w.org\/{rel}","templated":true}]}}