{"id":38697,"date":"2016-07-20T10:09:51","date_gmt":"2016-07-20T15:09:51","guid":{"rendered":"http:\/\/lamendigapolitica.com\/blog\/?p=38697"},"modified":"2016-07-20T10:09:51","modified_gmt":"2016-07-20T15:09:51","slug":"mexico-expresa-su-malestar-por-la-nominacion-de-trump","status":"publish","type":"post","link":"https:\/\/lamendigapolitica.com\/?p=38697","title":{"rendered":"M\u00e9xico expresa su malestar por la nominaci\u00f3n de Trump"},"content":{"rendered":"<p><a href=\"https:\/\/lamendigapolitica.com\/blog\/blog\/wp-content\/uploads\/2016\/07\/Embajador-mexicano-Carlos-Sada.jpg\" rel=\"attachment wp-att-38698\"><img loading=\"lazy\" decoding=\"async\" class=\"aligncenter  wp-image-38698\" src=\"https:\/\/lamendigapolitica.com\/blog\/blog\/wp-content\/uploads\/2016\/07\/Embajador-mexicano-Carlos-Sada.jpg\" alt=\"Embajador mexicano Carlos Sada\" width=\"384\" height=\"215\" \/><\/a><\/p>\n<p>&nbsp;<\/p>\n<p>Mientras se desarrollaba la convenci\u00f3n republicana M\u00e9xico expres\u00f3 su malestar ante el mensaje del candidato presidencial Donald Trump: \u201cCuando te insultan, hay una reacci\u00f3n\u201d, dijo el Embajador mexicano Carlos Sada durante un evento celebrado en el marco de la convenci\u00f3n, que horas despu\u00e9s design\u00f3 a Trump como candidato presidencial republicano. \u201cEl muro no es una divisi\u00f3n solamente entre M\u00e9xico y Estados Unidos, es una divisi\u00f3n entre Estados Unidos y el resto de Am\u00e9rica Latina\u201d.<\/p>\n<p>&nbsp;<\/p>\n<p>\u201c\u00bfC\u00f3mo planean ustedes cambiar el mensaje, porque nosotros tambi\u00e9n somos sensibles?\u201d, increp\u00f3 el diplom\u00e1tico desde el p\u00fablico al ex Gobernador republicano de Puerto Rico, Luis Fortu\u00f1o, uno de varios panelistas de un evento organizado por la Asociaci\u00f3n Nacional de Funcionarios Latinos Electos y Designados (NALEO por sus siglas en ingl\u00e9s) en el marco de la convenci\u00f3n republicana. Fortu\u00f1o dijo sentirse avergonzado por algunos comentarios de Trump y expres\u00f3 su esperanza para que la campa\u00f1a modifique su mensaje, pero advirti\u00f3 que no se puede obviar el fen\u00f3meno pol\u00edtico de que la clase trabajadora se siente excluida de los beneficios econ\u00f3micos generados por la globalizaci\u00f3n.<\/p>\n<p>&nbsp;<\/p>\n<p>\u201cMuchos de nuestros presidentes, republicanos y dem\u00f3cratas, siempre cruzaron esa frontera a M\u00e9xico en su primer viaje al extranjero. Y eso deber\u00eda continuar\u201d, se\u00f1al\u00f3. Delegados hispanos a la convenci\u00f3n han dicho a que esperan una disculpa de Trump a los votantes latinos por sus declaraciones, pero el comando de campa\u00f1a no ha dado indicios de que el candidato vaya a ofrecerla. Sada acudi\u00f3 al evento de NALEO un d\u00eda despu\u00e9s de haber participado junto a embajadores de otras naciones en una reuni\u00f3n encabezada por el Gobernador de New Jersey, Chris Christie, quien fungi\u00f3 como jefe del equipo de transici\u00f3n de Trump.<\/p>\n<p>&nbsp;<\/p>\n<p>&nbsp;<\/p>\n<p>La embajada mexicana public\u00f3 en su cuenta de Twitter que Christie le respondi\u00f3 a Sada y a la comunidad diplom\u00e1tica que \u201clas relaciones + importantes para EU son #M\u00e9xico y Canad\u00e1\u201d. Sada se reuni\u00f3 el lunes con el Gobernador de Ohio, John Kasich, quien en un video publicado por la embajada mexicana se\u00f1ala que durante la reuni\u00f3n \u201chablamos sobre empleos, relaciones, hablamos hoy sobre c\u00f3mo en M\u00e9xico y en Ohio a nuestros ciudadanos puede irles mejor por el comercio libre y justo\u201d. Kasich tambi\u00e9n es republicano y retir\u00f3 su precandidatura presidencial ante el avance de Trump, pero desisti\u00f3 de participar en la convenci\u00f3n pese a que su estado es anfitri\u00f3n.<\/p>\n<p>&nbsp;<\/p>\n<p>Sada dijo a la prensa el martes que su meta es \u201cque se posicione en su dimensi\u00f3n real la relaci\u00f3n entre M\u00e9xico y Estados Unidos, porque me parece que es una relaci\u00f3n que se ha venido construyendo durante muchos a\u00f1os, que es producto de un esfuerzo de much\u00edsima gente durante muchas generaciones, y es muy importante que sigamos construyendo esa relaci\u00f3n\u201d.<\/p>\n","protected":false},"excerpt":{"rendered":"<p>&nbsp; Mientras se desarrollaba la convenci\u00f3n republicana M\u00e9xico expres\u00f3 su malestar ante el mensaje del candidato presidencial Donald Trump: \u201cCuando te insultan, hay una reacci\u00f3n\u201d, dijo el Embajador mexicano Carlos Sada durante un evento celebrado en el marco de la convenci\u00f3n, que horas despu\u00e9s design\u00f3 a Trump como candidato presidencial republicano. \u201cEl muro no es &hellip; <\/p>\n<p><a class=\"more-link btn\" href=\"https:\/\/lamendigapolitica.com\/?p=38697\">Seguir leyendo<\/a><\/p>\n","protected":false},"author":1,"featured_media":0,"comment_status":"open","ping_status":"closed","sticky":false,"template":"","format":"standard","meta":{"footnotes":""},"categories":[6,20,31,5],"tags":[],"class_list":["post-38697","post","type-post","status-publish","format-standard","hentry","category-congreso","category-gobierno","category-internacional","category-partidos","item-wrap"],"_links":{"self":[{"href":"https:\/\/lamendigapolitica.com\/index.php?rest_route=\/wp\/v2\/posts\/38697","targetHints":{"allow":["GET"]}}],"collection":[{"href":"https:\/\/lamendigapolitica.com\/index.php?rest_route=\/wp\/v2\/posts"}],"about":[{"href":"https:\/\/lamendigapolitica.com\/index.php?rest_route=\/wp\/v2\/types\/post"}],"author":[{"embeddable":true,"href":"https:\/\/lamendigapolitica.com\/index.php?rest_route=\/wp\/v2\/users\/1"}],"replies":[{"embeddable":true,"href":"https:\/\/lamendigapolitica.com\/index.php?rest_route=%2Fwp%2Fv2%2Fcomments&post=38697"}],"version-history":[{"count":1,"href":"https:\/\/lamendigapolitica.com\/index.php?rest_route=\/wp\/v2\/posts\/38697\/revisions"}],"predecessor-version":[{"id":38699,"href":"https:\/\/lamendigapolitica.com\/index.php?rest_route=\/wp\/v2\/posts\/38697\/revisions\/38699"}],"wp:attachment":[{"href":"https:\/\/lamendigapolitica.com\/index.php?rest_route=%2Fwp%2Fv2%2Fmedia&parent=38697"}],"wp:term":[{"taxonomy":"category","embeddable":true,"href":"https:\/\/lamendigapolitica.com\/index.php?rest_route=%2Fwp%2Fv2%2Fcategories&post=38697"},{"taxonomy":"post_tag","embeddable":true,"href":"https:\/\/lamendigapolitica.com\/index.php?rest_route=%2Fwp%2Fv2%2Ftags&post=38697"}],"curies":[{"name":"wp","href":"https:\/\/api.w.org\/{rel}","templated":true}]}}