{"id":38694,"date":"2016-07-20T09:54:57","date_gmt":"2016-07-20T14:54:57","guid":{"rendered":"http:\/\/lamendigapolitica.com\/blog\/?p=38694"},"modified":"2016-07-20T09:54:57","modified_gmt":"2016-07-20T14:54:57","slug":"comando-deja-amenazas-contra-el-gobernador-de-guerrero","status":"publish","type":"post","link":"https:\/\/lamendigapolitica.com\/?p=38694","title":{"rendered":"Comando deja amenazas contra el Gobernador de Guerrero"},"content":{"rendered":"<p><a href=\"https:\/\/lamendigapolitica.com\/blog\/blog\/wp-content\/uploads\/2016\/07\/casa.jpg\" rel=\"attachment wp-att-38695\"><img loading=\"lazy\" decoding=\"async\" class=\"aligncenter  wp-image-38695\" src=\"https:\/\/lamendigapolitica.com\/blog\/blog\/wp-content\/uploads\/2016\/07\/casa.jpg\" alt=\"casa\" width=\"363\" height=\"204\" \/><\/a><\/p>\n<p>&nbsp;<\/p>\n<p>El ataque a la notar\u00eda p\u00fablica n\u00famero 19 de Acapulco, del presidente del Tribunal Superior de Justicia (TSJ), Robespierre Robles Hurtado, fue una reacci\u00f3n del crimen organizado por la detenci\u00f3n de David Palma Analco, alias \u201cEl Deivid\u201d, presunto jefe de la plaza del c\u00e1rtel de los Beltr\u00e1n Leyva, inform\u00f3 Roberto \u00c1lvarez Heredia, vocero \u00fanico en materia de seguridad, informa hoy SinEmbargo, quien conform\u00f3 que los atacantes dejaron un mensaje dirigido al Gobernador H\u00e9ctor Astudillo Flores y a Robespierre Robles, escrito en una cartulina.<\/p>\n<p>&nbsp;<\/p>\n<p>Aunque el vocero evit\u00f3 dar a conocer el contenido, \u00e9ste fue filtrado por fuentes policiacas. El mensaje dice: \u201cSe\u00f1ores autoridades, voy a seguir sembrando el p\u00e1nico en todo Acapulco peg\u00e1ndole a tiendas, sitios de taxis, secuestrando familias, etc. Si no sueltan a nuestro comandante David Palma Analco. Gobernador Astudillo, Fiscal Xavier Olea y t\u00fa Robespierre Robles, ustedes tres ya recibieron dinero y no est\u00e1n cumpliendo en soltarlo, ustedes dicen cu\u00e1ndo paramos. Atte. Los Beltr\u00e1n Leyva\u201d.<\/p>\n<p>&nbsp;<\/p>\n<p>Al respecto \u00c1lvarez Heredia declar\u00f3 que \u201cla Fiscal\u00eda General del Estado (FGE) tiene claro que este es un mensaje de car\u00e1cter intimidatorio, que se da en el contexto de la reaprehensi\u00f3n de esta persona (David Palma Analco), ese es un acto intimidatorio que busca presionar a las autoridades tanto federales como estatales para que sea liberado este personaje. Bajo ese contexto se est\u00e1 tomando en cuenta este mensaje\u201d, contest\u00f3 \u00c1lvarez Heredia.<\/p>\n<p>&nbsp;<\/p>\n<p>Dijo que se busca \u201cgenerar psicosis, miedo entre la poblaci\u00f3n y, obviamente, presi\u00f3n a las autoridades. El llamado es que mantengamos la calma, las autoridades que est\u00e1n en el Grupo de Coordinaci\u00f3n Guerrero est\u00e1n trabajando para mantener en calma no solamente el municipio de Acapulco, sino a todo el estado\u201d. \u00c1lvarez Heredia inform\u00f3 que las autoridades no han confirmado si hubo un herido en el ataque a la notar\u00eda p\u00fablica de Robles Hurtado, y que no han determinado si a partir de este ataque, se reforzar\u00e1 la seguridad en torno al magistrado presidente del TSJ.<\/p>\n<p>&nbsp;<\/p>\n","protected":false},"excerpt":{"rendered":"<p>&nbsp; El ataque a la notar\u00eda p\u00fablica n\u00famero 19 de Acapulco, del presidente del Tribunal Superior de Justicia (TSJ), Robespierre Robles Hurtado, fue una reacci\u00f3n del crimen organizado por la detenci\u00f3n de David Palma Analco, alias \u201cEl Deivid\u201d, presunto jefe de la plaza del c\u00e1rtel de los Beltr\u00e1n Leyva, inform\u00f3 Roberto \u00c1lvarez Heredia, vocero \u00fanico &hellip; <\/p>\n<p><a class=\"more-link btn\" href=\"https:\/\/lamendigapolitica.com\/?p=38694\">Seguir leyendo<\/a><\/p>\n","protected":false},"author":1,"featured_media":0,"comment_status":"open","ping_status":"closed","sticky":false,"template":"","format":"standard","meta":{"footnotes":""},"categories":[6,20,5,3,27],"tags":[],"class_list":["post-38694","post","type-post","status-publish","format-standard","hentry","category-congreso","category-gobierno","category-partidos","category-politica","category-seguridad","item-wrap"],"_links":{"self":[{"href":"https:\/\/lamendigapolitica.com\/index.php?rest_route=\/wp\/v2\/posts\/38694","targetHints":{"allow":["GET"]}}],"collection":[{"href":"https:\/\/lamendigapolitica.com\/index.php?rest_route=\/wp\/v2\/posts"}],"about":[{"href":"https:\/\/lamendigapolitica.com\/index.php?rest_route=\/wp\/v2\/types\/post"}],"author":[{"embeddable":true,"href":"https:\/\/lamendigapolitica.com\/index.php?rest_route=\/wp\/v2\/users\/1"}],"replies":[{"embeddable":true,"href":"https:\/\/lamendigapolitica.com\/index.php?rest_route=%2Fwp%2Fv2%2Fcomments&post=38694"}],"version-history":[{"count":1,"href":"https:\/\/lamendigapolitica.com\/index.php?rest_route=\/wp\/v2\/posts\/38694\/revisions"}],"predecessor-version":[{"id":38696,"href":"https:\/\/lamendigapolitica.com\/index.php?rest_route=\/wp\/v2\/posts\/38694\/revisions\/38696"}],"wp:attachment":[{"href":"https:\/\/lamendigapolitica.com\/index.php?rest_route=%2Fwp%2Fv2%2Fmedia&parent=38694"}],"wp:term":[{"taxonomy":"category","embeddable":true,"href":"https:\/\/lamendigapolitica.com\/index.php?rest_route=%2Fwp%2Fv2%2Fcategories&post=38694"},{"taxonomy":"post_tag","embeddable":true,"href":"https:\/\/lamendigapolitica.com\/index.php?rest_route=%2Fwp%2Fv2%2Ftags&post=38694"}],"curies":[{"name":"wp","href":"https:\/\/api.w.org\/{rel}","templated":true}]}}