{"id":38691,"date":"2016-07-20T09:28:38","date_gmt":"2016-07-20T14:28:38","guid":{"rendered":"http:\/\/lamendigapolitica.com\/blog\/?p=38691"},"modified":"2016-07-20T09:45:48","modified_gmt":"2016-07-20T14:45:48","slug":"evacuan-de-emergencia-el-kensington-gardens-de-londres","status":"publish","type":"post","link":"https:\/\/lamendigapolitica.com\/?p=38691","title":{"rendered":"Evacuan de emergencia el Kensington Gardens de Londres"},"content":{"rendered":"<p><a href=\"https:\/\/lamendigapolitica.com\/blog\/blog\/wp-content\/uploads\/2016\/07\/Kensington-Gardens.jpg\" rel=\"attachment wp-att-38692\"><img loading=\"lazy\" decoding=\"async\" class=\"aligncenter wp-image-38692\" src=\"https:\/\/lamendigapolitica.com\/blog\/blog\/wp-content\/uploads\/2016\/07\/Kensington-Gardens.jpg\" alt=\"Kensington Gardens\" width=\"391\" height=\"219\" \/><\/a><\/p>\n<p>&nbsp;<\/p>\n<p>Kensington Gardens, uno de los parques Reales de Londres, ha sido evacuado de emergencia por la polic\u00eda tras encontrarse un paquete sospechoso cerca de la puerta de entrada Lancaster. As\u00ed lo informa el diario ingl\u00e9s \u2018Daily Star\u2019.<\/p>\n<p>&nbsp;<\/p>\n<p>Seg\u00fan el reporte, cientos de personas que disfrutaban del excelente clima en el parque han tenido que ser retiradas de emergencia. El sitio de descanso se encuentra a unos pocos metros del Palacio de Kensington, lugar donde viven los duques de Cambridge, el Pr\u00edncipe Guillermo y su esposa.<\/p>\n<p>&nbsp;<\/p>\n","protected":false},"excerpt":{"rendered":"<p>&nbsp; Kensington Gardens, uno de los parques Reales de Londres, ha sido evacuado de emergencia por la polic\u00eda tras encontrarse un paquete sospechoso cerca de la puerta de entrada Lancaster. As\u00ed lo informa el diario ingl\u00e9s \u2018Daily Star\u2019. &nbsp; Seg\u00fan el reporte, cientos de personas que disfrutaban del excelente clima en el parque han tenido &hellip; <\/p>\n<p><a class=\"more-link btn\" href=\"https:\/\/lamendigapolitica.com\/?p=38691\">Seguir leyendo<\/a><\/p>\n","protected":false},"author":1,"featured_media":0,"comment_status":"open","ping_status":"closed","sticky":false,"template":"","format":"standard","meta":{"footnotes":""},"categories":[6,30,20,31,3,27],"tags":[],"class_list":["post-38691","post","type-post","status-publish","format-standard","hentry","category-congreso","category-economia","category-gobierno","category-internacional","category-politica","category-seguridad","item-wrap"],"_links":{"self":[{"href":"https:\/\/lamendigapolitica.com\/index.php?rest_route=\/wp\/v2\/posts\/38691","targetHints":{"allow":["GET"]}}],"collection":[{"href":"https:\/\/lamendigapolitica.com\/index.php?rest_route=\/wp\/v2\/posts"}],"about":[{"href":"https:\/\/lamendigapolitica.com\/index.php?rest_route=\/wp\/v2\/types\/post"}],"author":[{"embeddable":true,"href":"https:\/\/lamendigapolitica.com\/index.php?rest_route=\/wp\/v2\/users\/1"}],"replies":[{"embeddable":true,"href":"https:\/\/lamendigapolitica.com\/index.php?rest_route=%2Fwp%2Fv2%2Fcomments&post=38691"}],"version-history":[{"count":1,"href":"https:\/\/lamendigapolitica.com\/index.php?rest_route=\/wp\/v2\/posts\/38691\/revisions"}],"predecessor-version":[{"id":38693,"href":"https:\/\/lamendigapolitica.com\/index.php?rest_route=\/wp\/v2\/posts\/38691\/revisions\/38693"}],"wp:attachment":[{"href":"https:\/\/lamendigapolitica.com\/index.php?rest_route=%2Fwp%2Fv2%2Fmedia&parent=38691"}],"wp:term":[{"taxonomy":"category","embeddable":true,"href":"https:\/\/lamendigapolitica.com\/index.php?rest_route=%2Fwp%2Fv2%2Fcategories&post=38691"},{"taxonomy":"post_tag","embeddable":true,"href":"https:\/\/lamendigapolitica.com\/index.php?rest_route=%2Fwp%2Fv2%2Ftags&post=38691"}],"curies":[{"name":"wp","href":"https:\/\/api.w.org\/{rel}","templated":true}]}}