{"id":38680,"date":"2016-07-19T18:35:46","date_gmt":"2016-07-19T23:35:46","guid":{"rendered":"http:\/\/lamendigapolitica.com\/blog\/?p=38680"},"modified":"2016-07-19T18:35:46","modified_gmt":"2016-07-19T23:35:46","slug":"guadalajara-apoya-al-distrito-de-la-moda-2","status":"publish","type":"post","link":"https:\/\/lamendigapolitica.com\/?p=38680","title":{"rendered":"Guadalajara apoya al  Distrito de la Moda"},"content":{"rendered":"<p><a href=\"https:\/\/lamendigapolitica.com\/blog\/blog\/wp-content\/uploads\/2016\/07\/28414891405_6c2b805eb0_z.jpg\" rel=\"attachment wp-att-38681\"><img loading=\"lazy\" decoding=\"async\" class=\"aligncenter  wp-image-38681\" src=\"https:\/\/lamendigapolitica.com\/blog\/blog\/wp-content\/uploads\/2016\/07\/28414891405_6c2b805eb0_z.jpg\" alt=\"28414891405_6c2b805eb0_z\" width=\"374\" height=\"250\" srcset=\"https:\/\/lamendigapolitica.com\/wp-content\/uploads\/2016\/07\/28414891405_6c2b805eb0_z.jpg 640w, https:\/\/lamendigapolitica.com\/wp-content\/uploads\/2016\/07\/28414891405_6c2b805eb0_z-300x201.jpg 300w\" sizes=\"auto, (max-width: 374px) 100vw, 374px\" \/><\/a><\/p>\n<p>&nbsp;<\/p>\n<p>El ayuntamiento de Guadalajara impulsar\u00e1 en lo necesario al Distrito de la moda que se contempla establecer en la zona de Ciudad Creativa Digital (parque\u00a0 Morelos), para el cual, inform\u00f3, ya est\u00e1n etiquetados 60 millones de pesos, destac\u00f3 el alcalde Enrique Alfaro durante la inauguraci\u00f3n de la edici\u00f3n 65 de Intermoda, que se desarrolla en Expo Guadalajara.<\/p>\n<p>\u201cLa industria de la moda pueda ser considerada como uno de los sectores de mayor innovaci\u00f3n para el desarrollo de nuestra ciudad; este proyecto, sin duda, va a marcar en muchos sentidos el rumbo y futuro de Guadalajara\u201d, dijo.<\/p>\n<p>&nbsp;<\/p>\n<p>\u201cHemos abierto una mesa de trabajo con la industrias involucradas en la agenda de la moda en Jalisco, particularmente con la industria del vestido, la industria textil, joyera y del calzado y, por supuesto, con el Consejo de C\u00e1maras Industriales, con quien tenemos una comunicaci\u00f3n permanente para poder consolidar en los pr\u00f3ximos meses el distrito de la moda en Guadalajara\u201d, dijo el primer edil.<\/p>\n<p>&nbsp;<\/p>\n<p>Adelant\u00f3 que en breve se lanzar\u00e1 la convocatoria para que el sector privado defina los principales proyectos en los terrenos con que cuenta el municipio en la zona del parque Morelos. \u201cLos nuevos creadores tapat\u00edos est\u00e1n marcando la pauta, no solamente en M\u00e9xico, sino en el mundo, por eso este gobierno tiene que hacer la parte que le toca\u201d. Por su parte, Jos\u00e9 Palacios Jim\u00e9nez, Secretario de Desarrollo Econ\u00f3mico del Estado de Jalisco, se\u00f1al\u00f3 que es muy importante lo anunciado por el presidente municipal de Guadalajara por el impacto que tendr\u00e1 en la zona.<\/p>\n","protected":false},"excerpt":{"rendered":"<p>&nbsp; El ayuntamiento de Guadalajara impulsar\u00e1 en lo necesario al Distrito de la moda que se contempla establecer en la zona de Ciudad Creativa Digital (parque\u00a0 Morelos), para el cual, inform\u00f3, ya est\u00e1n etiquetados 60 millones de pesos, destac\u00f3 el alcalde Enrique Alfaro durante la inauguraci\u00f3n de la edici\u00f3n 65 de Intermoda, que se desarrolla &hellip; <\/p>\n<p><a class=\"more-link btn\" href=\"https:\/\/lamendigapolitica.com\/?p=38680\">Seguir leyendo<\/a><\/p>\n","protected":false},"author":1,"featured_media":0,"comment_status":"open","ping_status":"closed","sticky":false,"template":"","format":"standard","meta":{"footnotes":""},"categories":[6,20,5,3],"tags":[],"class_list":["post-38680","post","type-post","status-publish","format-standard","hentry","category-congreso","category-gobierno","category-partidos","category-politica","item-wrap"],"_links":{"self":[{"href":"https:\/\/lamendigapolitica.com\/index.php?rest_route=\/wp\/v2\/posts\/38680","targetHints":{"allow":["GET"]}}],"collection":[{"href":"https:\/\/lamendigapolitica.com\/index.php?rest_route=\/wp\/v2\/posts"}],"about":[{"href":"https:\/\/lamendigapolitica.com\/index.php?rest_route=\/wp\/v2\/types\/post"}],"author":[{"embeddable":true,"href":"https:\/\/lamendigapolitica.com\/index.php?rest_route=\/wp\/v2\/users\/1"}],"replies":[{"embeddable":true,"href":"https:\/\/lamendigapolitica.com\/index.php?rest_route=%2Fwp%2Fv2%2Fcomments&post=38680"}],"version-history":[{"count":1,"href":"https:\/\/lamendigapolitica.com\/index.php?rest_route=\/wp\/v2\/posts\/38680\/revisions"}],"predecessor-version":[{"id":38682,"href":"https:\/\/lamendigapolitica.com\/index.php?rest_route=\/wp\/v2\/posts\/38680\/revisions\/38682"}],"wp:attachment":[{"href":"https:\/\/lamendigapolitica.com\/index.php?rest_route=%2Fwp%2Fv2%2Fmedia&parent=38680"}],"wp:term":[{"taxonomy":"category","embeddable":true,"href":"https:\/\/lamendigapolitica.com\/index.php?rest_route=%2Fwp%2Fv2%2Fcategories&post=38680"},{"taxonomy":"post_tag","embeddable":true,"href":"https:\/\/lamendigapolitica.com\/index.php?rest_route=%2Fwp%2Fv2%2Ftags&post=38680"}],"curies":[{"name":"wp","href":"https:\/\/api.w.org\/{rel}","templated":true}]}}