{"id":38677,"date":"2016-07-19T18:34:27","date_gmt":"2016-07-19T23:34:27","guid":{"rendered":"http:\/\/lamendigapolitica.com\/blog\/?p=38677"},"modified":"2016-07-19T18:34:27","modified_gmt":"2016-07-19T23:34:27","slug":"tonala-y-coprisjal-buscan-espacios-libres-de-humo","status":"publish","type":"post","link":"https:\/\/lamendigapolitica.com\/?p=38677","title":{"rendered":"Tonal\u00e1 y Coprisjal buscan espacios  libres de humo"},"content":{"rendered":"<p><a href=\"https:\/\/lamendigapolitica.com\/blog\/blog\/wp-content\/uploads\/2016\/07\/chavez.jpg\" rel=\"attachment wp-att-38678\"><img loading=\"lazy\" decoding=\"async\" class=\"aligncenter  wp-image-38678\" src=\"https:\/\/lamendigapolitica.com\/blog\/blog\/wp-content\/uploads\/2016\/07\/chavez.jpg\" alt=\"chavez\" width=\"301\" height=\"241\" \/><\/a><\/p>\n<p>&nbsp;<\/p>\n<p>Un convenio\u00a0 de coordinaci\u00f3n para el ejercicio de facultades en materia de protecci\u00f3n a no fumadores, firmaron este d\u00eda el ayuntamiento de Tonal\u00e1\u00a0 y La Comisi\u00f3n para la Protecci\u00f3n de Riesgos Sanitarios Jalisco (COPRISJAL) a fin de poder contribuir y fortalecer la vinculaci\u00f3n\u00a0 entre la Secretaria de Salud del Estado y el municipio, en cumplimiento y vigilancia del reglamento y de la ley en materia de protecci\u00f3n contra la exposici\u00f3n del humo\u00a0 del tabaco que se rige en Jalisco.<\/p>\n<p>&nbsp;<\/p>\n<p>De esta manera se deslindan las responsabilidades que le competen a las autoridades municipales en giros del sector privado, tales como, escuelas, restaurantes, bares, hoteles, centros de reuni\u00f3n; y la Secretar\u00eda del Salud Jalisco,\u00a0 ser\u00e1 la encargada del sector p\u00fablico municipal, as\u00ed como de las unidades de salud, hospitales y laboratorios de an\u00e1lisis cl\u00ednicos.<\/p>\n<p>&nbsp;<\/p>\n<p>El presidente municipal, Sergio Ch\u00e1vez D\u00e1valos, destac\u00f3 que el tabaquismo y sus consecuencias son terribles para las personas, esta droga legal es consumida por millones de personas en el mundo causando enfermedad y muerte. El consumo de tabaco mata a m\u00e1s de cinco millones de personas cada a\u00f1o, es decir m\u00e1s que el VIH, la tuberculosis y el paludismo juntos. Agreg\u00f3 que de continuar as\u00ed dicha tendencia, el consumo de tabaco podr\u00eda incrementar la tasa de mortalidad en m\u00e1s de ocho millones de personas por a\u00f1o.<\/p>\n<p>&nbsp;<\/p>\n<p>Ch\u00e1vez D\u00e1valos detall\u00f3 que se implementar\u00e1n campa\u00f1as que eviten que las personas sean afectadas por el humo de tabaco; ya que el tabaquismo pasivo es responsable de una de cada 10 muertes relacionadas con este problema; por ello, asegur\u00f3 que\u00a0 habr\u00e1 firmeza y se\u00a0 crear\u00e1n ambientes totalmente libres de humo de tabaco, debido a que es la \u00fanica manera de proteger a las personas de los efectos nocivos que esto provoca.<\/p>\n","protected":false},"excerpt":{"rendered":"<p>&nbsp; Un convenio\u00a0 de coordinaci\u00f3n para el ejercicio de facultades en materia de protecci\u00f3n a no fumadores, firmaron este d\u00eda el ayuntamiento de Tonal\u00e1\u00a0 y La Comisi\u00f3n para la Protecci\u00f3n de Riesgos Sanitarios Jalisco (COPRISJAL) a fin de poder contribuir y fortalecer la vinculaci\u00f3n\u00a0 entre la Secretaria de Salud del Estado y el municipio, en &hellip; <\/p>\n<p><a class=\"more-link btn\" href=\"https:\/\/lamendigapolitica.com\/?p=38677\">Seguir leyendo<\/a><\/p>\n","protected":false},"author":1,"featured_media":0,"comment_status":"open","ping_status":"closed","sticky":false,"template":"","format":"standard","meta":{"footnotes":""},"categories":[6,20,5,29,22],"tags":[],"class_list":["post-38677","post","type-post","status-publish","format-standard","hentry","category-congreso","category-gobierno","category-partidos","category-salud","category-sociales","item-wrap"],"_links":{"self":[{"href":"https:\/\/lamendigapolitica.com\/index.php?rest_route=\/wp\/v2\/posts\/38677","targetHints":{"allow":["GET"]}}],"collection":[{"href":"https:\/\/lamendigapolitica.com\/index.php?rest_route=\/wp\/v2\/posts"}],"about":[{"href":"https:\/\/lamendigapolitica.com\/index.php?rest_route=\/wp\/v2\/types\/post"}],"author":[{"embeddable":true,"href":"https:\/\/lamendigapolitica.com\/index.php?rest_route=\/wp\/v2\/users\/1"}],"replies":[{"embeddable":true,"href":"https:\/\/lamendigapolitica.com\/index.php?rest_route=%2Fwp%2Fv2%2Fcomments&post=38677"}],"version-history":[{"count":1,"href":"https:\/\/lamendigapolitica.com\/index.php?rest_route=\/wp\/v2\/posts\/38677\/revisions"}],"predecessor-version":[{"id":38679,"href":"https:\/\/lamendigapolitica.com\/index.php?rest_route=\/wp\/v2\/posts\/38677\/revisions\/38679"}],"wp:attachment":[{"href":"https:\/\/lamendigapolitica.com\/index.php?rest_route=%2Fwp%2Fv2%2Fmedia&parent=38677"}],"wp:term":[{"taxonomy":"category","embeddable":true,"href":"https:\/\/lamendigapolitica.com\/index.php?rest_route=%2Fwp%2Fv2%2Fcategories&post=38677"},{"taxonomy":"post_tag","embeddable":true,"href":"https:\/\/lamendigapolitica.com\/index.php?rest_route=%2Fwp%2Fv2%2Ftags&post=38677"}],"curies":[{"name":"wp","href":"https:\/\/api.w.org\/{rel}","templated":true}]}}