{"id":38666,"date":"2016-07-19T18:42:54","date_gmt":"2016-07-19T23:42:54","guid":{"rendered":"http:\/\/lamendigapolitica.com\/blog\/?p=38666"},"modified":"2016-07-19T18:42:54","modified_gmt":"2016-07-19T23:42:54","slug":"de-picada-osorio-chong","status":"publish","type":"post","link":"https:\/\/lamendigapolitica.com\/?p=38666","title":{"rendered":"\u00bfDe picada Osorio Chong?"},"content":{"rendered":"<p><a href=\"https:\/\/lamendigapolitica.com\/blog\/blog\/wp-content\/uploads\/2016\/07\/garza1.jpg\" rel=\"attachment wp-att-38669\"><img loading=\"lazy\" decoding=\"async\" class=\"alignleft wp-image-38669 \" src=\"https:\/\/lamendigapolitica.com\/blog\/blog\/wp-content\/uploads\/2016\/07\/garza1.jpg\" alt=\"garza1\" width=\"139\" height=\"166\" srcset=\"https:\/\/lamendigapolitica.com\/wp-content\/uploads\/2016\/07\/garza1.jpg 299w, https:\/\/lamendigapolitica.com\/wp-content\/uploads\/2016\/07\/garza1-252x300.jpg 252w\" sizes=\"auto, (max-width: 139px) 100vw, 139px\" \/><\/a><\/p>\n<h3><span style=\"color: #333399;\">PICANDO PIEDRA\/Fernando Garza\u00a0<\/span><\/h3>\n<p>Como ineficiente y tibio se podr\u00eda calificar el actuar del secretario de Gobernaci\u00f3n, Miguel \u00c1ngel Osorio Chong, en los\u00a0 ya cuatro di\u00e1logos con los l\u00edderes de la Coordinadora Nacional de Trabajadores de la Educaci\u00f3n (CNTE),\u00a0 y que de paso lo debilitan en sus aspiraciones presidencial, puesto que no se avecina soluci\u00f3n.<\/p>\n<p>El Presidente de la rep\u00fablica (Enrique Pe\u00f1a Nieto) habla con frecuencia del cumplimiento del Estado de Derecho, y, el C\u00f3digo Penal en su art\u00edculo 167 habla de los ataques a las v\u00edas de comunicaci\u00f3n y en la fracci\u00f3n tercera, menciona que un ataque a las v\u00edas de comunicaci\u00f3n son impedir el paso de veh\u00edculos, detener el paso de una locomotora, destruya o ponga alg\u00fan estorbo.<\/p>\n<p>Y esto lo han hecho los se\u00f1ores manifestantes del CNTE desde hace varias semanas con el benepl\u00e1cito de la cartera de Osorio Chong, por lo que a la mitad del sexenio se refleja un secretario sin f\u00f3rmulas y cada vez con m\u00e1s mesas de\u00a0 di\u00e1logo, pero sin resultados que le den la gobernabilidad al estado de Oaxaca, principalmente.<\/p>\n<p>Estamos hablando del cumplimiento del Estado de Derecho, estamos hablando de que un pa\u00eds debe de cumplir y su funci\u00f3n primordial del poder, del gobierno, del ejercicio p\u00fablico, es cumplir la ley<\/p>\n<p>\u00abArt\u00edculo 130, se aplicar\u00e1 la pena de seis meses a ocho a\u00f1os y multa diez a mil pesos, al que en forma tumultuaria, con uso de armas, resistan o ataquen a la autoridad, para impedir el libre ejercicio de sus funciones con algunas de las finalidades a que se refiere el art\u00edculo 131.<\/p>\n<p>En conclusi\u00f3n; no est\u00e1 cumpliendo el se\u00f1or Secretario de Gobernaci\u00f3n que se respete el Estado de Derecho, le est\u00e1 fallando al presidente Enrique Pe\u00f1a Nieto, pero le est\u00e1 fallando a costa de la econom\u00eda de los oaxaque\u00f1os, por lo que otros suspirantes como Luis Videgaray, Eruviel Avila y Jos\u00e9 Antonio Meade se libran de paso del grupo Hidalgo.<\/p>\n<p>Osorio Chong, por su lado, sigue maniobrando para no quedar fuera de la carrera presidencial, en una etapa de furia del movimiento magisterial que se ha extendido hasta el \u00e1mbito \u201cinstitucional\u201d, dialogante hasta con el despe\u00f1ado Aurelio Nu\u00f1o a ra\u00edz de los nueve muertos en Asunci\u00f3n Nochixtl\u00e1n, el 19 de junio.<\/p>\n<p>As\u00ed pues, el CNTE ser\u00e1 la prueba de fuego de Osorio Chong y de ah\u00ed depender\u00e1 su futuro pol\u00edtico, el cual a simple vista se ve truncado.<\/p>\n<h3>Ex alcalde de Guadalajara<\/h3>\n<h3>@fernandoGarzaM<\/h3>\n","protected":false},"excerpt":{"rendered":"<p>PICANDO PIEDRA\/Fernando Garza\u00a0 Como ineficiente y tibio se podr\u00eda calificar el actuar del secretario de Gobernaci\u00f3n, Miguel \u00c1ngel Osorio Chong, en los\u00a0 ya cuatro di\u00e1logos con los l\u00edderes de la Coordinadora Nacional de Trabajadores de la Educaci\u00f3n (CNTE),\u00a0 y que de paso lo debilitan en sus aspiraciones presidencial, puesto que no se avecina soluci\u00f3n. El &hellip; <\/p>\n<p><a class=\"more-link btn\" href=\"https:\/\/lamendigapolitica.com\/?p=38666\">Seguir leyendo<\/a><\/p>\n","protected":false},"author":1,"featured_media":0,"comment_status":"open","ping_status":"closed","sticky":false,"template":"","format":"standard","meta":{"footnotes":""},"categories":[1,6,30,20,31,5,3],"tags":[],"class_list":["post-38666","post","type-post","status-publish","format-standard","hentry","category-columnista","category-congreso","category-economia","category-gobierno","category-internacional","category-partidos","category-politica","item-wrap"],"_links":{"self":[{"href":"https:\/\/lamendigapolitica.com\/index.php?rest_route=\/wp\/v2\/posts\/38666","targetHints":{"allow":["GET"]}}],"collection":[{"href":"https:\/\/lamendigapolitica.com\/index.php?rest_route=\/wp\/v2\/posts"}],"about":[{"href":"https:\/\/lamendigapolitica.com\/index.php?rest_route=\/wp\/v2\/types\/post"}],"author":[{"embeddable":true,"href":"https:\/\/lamendigapolitica.com\/index.php?rest_route=\/wp\/v2\/users\/1"}],"replies":[{"embeddable":true,"href":"https:\/\/lamendigapolitica.com\/index.php?rest_route=%2Fwp%2Fv2%2Fcomments&post=38666"}],"version-history":[{"count":3,"href":"https:\/\/lamendigapolitica.com\/index.php?rest_route=\/wp\/v2\/posts\/38666\/revisions"}],"predecessor-version":[{"id":38683,"href":"https:\/\/lamendigapolitica.com\/index.php?rest_route=\/wp\/v2\/posts\/38666\/revisions\/38683"}],"wp:attachment":[{"href":"https:\/\/lamendigapolitica.com\/index.php?rest_route=%2Fwp%2Fv2%2Fmedia&parent=38666"}],"wp:term":[{"taxonomy":"category","embeddable":true,"href":"https:\/\/lamendigapolitica.com\/index.php?rest_route=%2Fwp%2Fv2%2Fcategories&post=38666"},{"taxonomy":"post_tag","embeddable":true,"href":"https:\/\/lamendigapolitica.com\/index.php?rest_route=%2Fwp%2Fv2%2Ftags&post=38666"}],"curies":[{"name":"wp","href":"https:\/\/api.w.org\/{rel}","templated":true}]}}