{"id":38663,"date":"2016-07-19T14:05:38","date_gmt":"2016-07-19T19:05:38","guid":{"rendered":"http:\/\/lamendigapolitica.com\/blog\/?p=38663"},"modified":"2016-07-19T14:39:42","modified_gmt":"2016-07-19T19:39:42","slug":"europa-convulsa","status":"publish","type":"post","link":"https:\/\/lamendigapolitica.com\/?p=38663","title":{"rendered":"Europa convulsa"},"content":{"rendered":"<h3><a href=\"https:\/\/lamendigapolitica.com\/blog\/blog\/wp-content\/uploads\/2016\/07\/Avatar-Lalo.jpg\" rel=\"attachment wp-att-38664\"><img loading=\"lazy\" decoding=\"async\" class=\"alignleft size-thumbnail wp-image-38664\" src=\"https:\/\/lamendigapolitica.com\/blog\/blog\/wp-content\/uploads\/2016\/07\/Avatar-Lalo-150x150.jpg\" alt=\"Avatar-Lalo\" width=\"150\" height=\"150\" srcset=\"https:\/\/lamendigapolitica.com\/wp-content\/uploads\/2016\/07\/Avatar-Lalo-150x150.jpg 150w, https:\/\/lamendigapolitica.com\/wp-content\/uploads\/2016\/07\/Avatar-Lalo.jpg 159w\" sizes=\"auto, (max-width: 150px) 100vw, 150px\" \/><\/a><span style=\"color: #999999;\"><span style=\"color: #808080;\">DIVISADERO\/Eduardo Gonz\u00e1lez<\/span><\/span><\/h3>\n<p>Los acontecimientos europeos que se han sucedido en cascada en los \u00faltimos meses nos muestran un viejo continente harto convulso. Lo mismo por procesos pol\u00edticos como el Brexit de Reino Unido y el cambio de primer ministro; los atentados terroristas en Francia y B\u00e9lgica; o el intento de golpe de Estado en Turqu\u00eda.<\/p>\n<p>El caso es que las autoridades europeas nacionales y continentales no terminan de salir de un problema cuando ya se les presenta otro. Sin duda estos \u00faltimos a\u00f1os no han sido los mejores en la historia reciente de la Europa unida.<\/p>\n<p>Veamos el caso Turqu\u00eda. El fin de semana pasado varios mandos militares seguidores del cl\u00e9rigo Fethullah Gulen, avecindado en Estados Unidos, intentaron derrocar el gobierno del presidente, Recep Tayip Erdogan.<\/p>\n<p>Como es com\u00fan en estos casos, lo que rein\u00f3 fue la confusi\u00f3n, los discursos encontrados y la falta de claridad en las explicaciones de lo sucedido.<\/p>\n<p>El intento de golpe de Estado tiene varias pistas para su an\u00e1lisis. Para ello, debemos partir que Turqu\u00eda no pertenece a la Uni\u00f3n Europea pero s\u00ed a la Organizaci\u00f3n del Tratado del Atl\u00e1ntico Norte (OTAN). Por lo tanto, un posible golpe de Estado viene a tambalear su papel dentro de la alianza continental y repercute m\u00e1s all\u00e1 de su pa\u00eds. Sobre todo a los intereses estadunidenses en Medio Oriente.<\/p>\n<p>Como miembro de la OTAN, representa la segunda mayor fuerza militar en la lucha contra el Estado Isl\u00e1mico; as\u00ed como el territorio puente para la movilizaci\u00f3n de tropas de occidente a Medio Oriente.<\/p>\n<p>Por ello, un derrocamiento del gobierno de Erdogan cambiar\u00eda sustancialmente la posici\u00f3n de aquel pa\u00eds en el contexto de la lucha contra el Estado Isl\u00e1mico y la presencia estadunidense en la zona.<\/p>\n<p>La misma base a\u00e9rea de Incirlik, utilizada por la coalici\u00f3n liderada por Estados Unidos para bombardear al Estado Isl\u00e1mico en Irak y Siria, volvi\u00f3 a operar tras tomar el control de la situaci\u00f3n las autoridades turcas. El respaldo de la Casa Blanca al gobierno turco no se hizo esperar.<\/p>\n<p>Por otro lado, pasadas las primeras horas de intento golpista, pareciera que el m\u00e1s fortalecido de todo ello, es precisamente Recep Taiyip, pues en el combate a las fuerzas arribistas encuentra la justificaci\u00f3n para poner en marcha medias de mayor control y represi\u00f3n en aquellas tierras.<\/p>\n<p>El intento de golpe de Estado es tomado como el pretexto perfecto para recrudecer su administraci\u00f3n. Asimismo, la derecha partidista podr\u00e1 materializar en votos el rechazo de la poblaci\u00f3n a las acciones violentas del fin de semana.<\/p>\n<p>Sin embargo, no debemos olvidar la larga historia de golpes de Estado realizados en Turqu\u00eda, en 1960, 1971 y 1980, lo cual no garantiza que la intentona golpista pudiese quedar en eso, en una intentona, y no materializarse en los siguientes meses como consecuencia de lo que muchos llaman la \u201ccreciente islamizaci\u00f3n de Turqu\u00eda\u201d.<\/p>\n<p>Sea como sea, la segunda d\u00e9cada del siglo XXI no ha transcurrido en calma para beneficio de la comunidad europea e internacional, por el contrario, todo parece indicar que los momentos m\u00e1s dif\u00edciles a\u00fan est\u00e1n por venir.<\/p>\n<h3>Analista pol\u00edtico<\/h3>\n<h3>@contodoytriques<\/h3>\n","protected":false},"excerpt":{"rendered":"<p>DIVISADERO\/Eduardo Gonz\u00e1lez Los acontecimientos europeos que se han sucedido en cascada en los \u00faltimos meses nos muestran un viejo continente harto convulso. Lo mismo por procesos pol\u00edticos como el Brexit de Reino Unido y el cambio de primer ministro; los atentados terroristas en Francia y B\u00e9lgica; o el intento de golpe de Estado en Turqu\u00eda. &hellip; <\/p>\n<p><a class=\"more-link btn\" href=\"https:\/\/lamendigapolitica.com\/?p=38663\">Seguir leyendo<\/a><\/p>\n","protected":false},"author":1,"featured_media":0,"comment_status":"open","ping_status":"closed","sticky":false,"template":"","format":"standard","meta":{"footnotes":""},"categories":[1,6,26,30,28,20,31,5,3,27],"tags":[],"class_list":["post-38663","post","type-post","status-publish","format-standard","hentry","category-columnista","category-congreso","category-cultura","category-economia","category-educacion","category-gobierno","category-internacional","category-partidos","category-politica","category-seguridad","item-wrap"],"_links":{"self":[{"href":"https:\/\/lamendigapolitica.com\/index.php?rest_route=\/wp\/v2\/posts\/38663","targetHints":{"allow":["GET"]}}],"collection":[{"href":"https:\/\/lamendigapolitica.com\/index.php?rest_route=\/wp\/v2\/posts"}],"about":[{"href":"https:\/\/lamendigapolitica.com\/index.php?rest_route=\/wp\/v2\/types\/post"}],"author":[{"embeddable":true,"href":"https:\/\/lamendigapolitica.com\/index.php?rest_route=\/wp\/v2\/users\/1"}],"replies":[{"embeddable":true,"href":"https:\/\/lamendigapolitica.com\/index.php?rest_route=%2Fwp%2Fv2%2Fcomments&post=38663"}],"version-history":[{"count":1,"href":"https:\/\/lamendigapolitica.com\/index.php?rest_route=\/wp\/v2\/posts\/38663\/revisions"}],"predecessor-version":[{"id":38665,"href":"https:\/\/lamendigapolitica.com\/index.php?rest_route=\/wp\/v2\/posts\/38663\/revisions\/38665"}],"wp:attachment":[{"href":"https:\/\/lamendigapolitica.com\/index.php?rest_route=%2Fwp%2Fv2%2Fmedia&parent=38663"}],"wp:term":[{"taxonomy":"category","embeddable":true,"href":"https:\/\/lamendigapolitica.com\/index.php?rest_route=%2Fwp%2Fv2%2Fcategories&post=38663"},{"taxonomy":"post_tag","embeddable":true,"href":"https:\/\/lamendigapolitica.com\/index.php?rest_route=%2Fwp%2Fv2%2Ftags&post=38663"}],"curies":[{"name":"wp","href":"https:\/\/api.w.org\/{rel}","templated":true}]}}