{"id":38660,"date":"2016-07-19T10:37:37","date_gmt":"2016-07-19T15:37:37","guid":{"rendered":"http:\/\/lamendigapolitica.com\/blog\/?p=38660"},"modified":"2016-07-19T10:37:37","modified_gmt":"2016-07-19T15:37:37","slug":"cambio-climatico-nos-puede-dejar-sin-flores-ni-las-mariposas","status":"publish","type":"post","link":"https:\/\/lamendigapolitica.com\/?p=38660","title":{"rendered":"Cambio clim\u00e1tico nos puede dejar sin flores ni las mariposas"},"content":{"rendered":"<p><a href=\"https:\/\/lamendigapolitica.com\/blog\/blog\/wp-content\/uploads\/2016\/07\/flores.jpg\" rel=\"attachment wp-att-38661\"><img loading=\"lazy\" decoding=\"async\" class=\"aligncenter  wp-image-38661\" src=\"https:\/\/lamendigapolitica.com\/blog\/blog\/wp-content\/uploads\/2016\/07\/flores.jpg\" alt=\"flores\" width=\"425\" height=\"237\" srcset=\"https:\/\/lamendigapolitica.com\/wp-content\/uploads\/2016\/07\/flores.jpg 301w, https:\/\/lamendigapolitica.com\/wp-content\/uploads\/2016\/07\/flores-300x167.jpg 300w\" sizes=\"auto, (max-width: 425px) 100vw, 425px\" \/><\/a><\/p>\n<p>&nbsp;<\/p>\n<p>Las flores y las mariposas ya no aparecen a la vez debido al cambio clim\u00e1tico que est\u00e1 causando un calentamiento global y empeorando la sequ\u00eda del Mediterr\u00e1neo, lo que afecta la interacci\u00f3n flor-mariposa, seg\u00fan un estudio del Centro de Investigaci\u00f3n Ecol\u00f3gica y Aplicaciones Forestales (CREAF-UAB).El estudio del centro catal\u00e1n (noreste de Espa\u00f1a) ha determinado que las altas temperaturas y la baja pluviosidad provocan una descoordinaci\u00f3n entre la \u00e9poca de floraci\u00f3n y la \u00e9poca de vuelo de las mariposas publica hoy sin embargo.<\/p>\n<p>&nbsp;<\/p>\n<p>Seg\u00fan explic\u00f3 el investigador del CREAF Constant\u00ed Stefanescu, los momentos de m\u00e1xima floraci\u00f3n y de abundancia de las mariposas se separan una media de 70 d\u00edas y aumentan en los a\u00f1os de sequ\u00eda pronunciada. Esta p\u00e9rdida de sincron\u00eda afecta negativamente tanto a las mariposas, que tienen m\u00e1s dificultades para encontrar alimento, como a las plantas, que pierden polinizadores potenciales.<\/p>\n<p>&nbsp;<\/p>\n<p>El estudio, en el que tambi\u00e9n ha participado la Universidad de las Islas Baleares (archipi\u00e9lago espa\u00f1ol en el Mediterr\u00e1neo), analiz\u00f3 durante 17 a\u00f1os c\u00f3mo interact\u00faan las flores y las mariposas. Los datos obtenidos en el Parque Natural de los Aiguamolls del Empord\u00e0 (Gerona, noreste) indican que en los \u00faltimos a\u00f1os hay una menor coincidencia entre el momento en que las plantas alcanzan el m\u00e1ximo de la floraci\u00f3n y el momento en que m\u00e1s abundan las mariposas.<\/p>\n<p>&nbsp;<\/p>\n<p>Los investigadores concluyeron que el causante de este fen\u00f3meno es el cambio clim\u00e1tico, que provoca que haya desajustes entre las 12 especies de mariposas estudiadas y las flores de las que se alimentan. El estudio encontr\u00f3 que, en casos extremos, la separaci\u00f3n entre los lepid\u00f3pteros y las flores puede llegar a ser de 160 d\u00edas \u201cy, si esto contin\u00faa, podr\u00eda conllevar grandes descensos en las poblaciones de las mariposas\u201d.<\/p>\n","protected":false},"excerpt":{"rendered":"<p>&nbsp; Las flores y las mariposas ya no aparecen a la vez debido al cambio clim\u00e1tico que est\u00e1 causando un calentamiento global y empeorando la sequ\u00eda del Mediterr\u00e1neo, lo que afecta la interacci\u00f3n flor-mariposa, seg\u00fan un estudio del Centro de Investigaci\u00f3n Ecol\u00f3gica y Aplicaciones Forestales (CREAF-UAB).El estudio del centro catal\u00e1n (noreste de Espa\u00f1a) ha determinado &hellip; <\/p>\n<p><a class=\"more-link btn\" href=\"https:\/\/lamendigapolitica.com\/?p=38660\">Seguir leyendo<\/a><\/p>\n","protected":false},"author":1,"featured_media":0,"comment_status":"open","ping_status":"closed","sticky":false,"template":"","format":"standard","meta":{"footnotes":""},"categories":[6,26,30,20,31,5,3,29,27,22],"tags":[],"class_list":["post-38660","post","type-post","status-publish","format-standard","hentry","category-congreso","category-cultura","category-economia","category-gobierno","category-internacional","category-partidos","category-politica","category-salud","category-seguridad","category-sociales","item-wrap"],"_links":{"self":[{"href":"https:\/\/lamendigapolitica.com\/index.php?rest_route=\/wp\/v2\/posts\/38660","targetHints":{"allow":["GET"]}}],"collection":[{"href":"https:\/\/lamendigapolitica.com\/index.php?rest_route=\/wp\/v2\/posts"}],"about":[{"href":"https:\/\/lamendigapolitica.com\/index.php?rest_route=\/wp\/v2\/types\/post"}],"author":[{"embeddable":true,"href":"https:\/\/lamendigapolitica.com\/index.php?rest_route=\/wp\/v2\/users\/1"}],"replies":[{"embeddable":true,"href":"https:\/\/lamendigapolitica.com\/index.php?rest_route=%2Fwp%2Fv2%2Fcomments&post=38660"}],"version-history":[{"count":1,"href":"https:\/\/lamendigapolitica.com\/index.php?rest_route=\/wp\/v2\/posts\/38660\/revisions"}],"predecessor-version":[{"id":38662,"href":"https:\/\/lamendigapolitica.com\/index.php?rest_route=\/wp\/v2\/posts\/38660\/revisions\/38662"}],"wp:attachment":[{"href":"https:\/\/lamendigapolitica.com\/index.php?rest_route=%2Fwp%2Fv2%2Fmedia&parent=38660"}],"wp:term":[{"taxonomy":"category","embeddable":true,"href":"https:\/\/lamendigapolitica.com\/index.php?rest_route=%2Fwp%2Fv2%2Fcategories&post=38660"},{"taxonomy":"post_tag","embeddable":true,"href":"https:\/\/lamendigapolitica.com\/index.php?rest_route=%2Fwp%2Fv2%2Ftags&post=38660"}],"curies":[{"name":"wp","href":"https:\/\/api.w.org\/{rel}","templated":true}]}}