{"id":38654,"date":"2016-07-19T09:38:25","date_gmt":"2016-07-19T14:38:25","guid":{"rendered":"http:\/\/lamendigapolitica.com\/blog\/?p=38654"},"modified":"2016-07-19T09:38:37","modified_gmt":"2016-07-19T14:38:37","slug":"pt-a-la-espera-de-la-alianza-prd-morena","status":"publish","type":"post","link":"https:\/\/lamendigapolitica.com\/?p=38654","title":{"rendered":"PT, a la espera de la alianza PRD-Morena"},"content":{"rendered":"<p><a href=\"https:\/\/lamendigapolitica.com\/blog\/blog\/wp-content\/uploads\/2016\/07\/pt.jpg\" rel=\"attachment wp-att-38655\"><img loading=\"lazy\" decoding=\"async\" class=\"aligncenter wp-image-38655\" src=\"https:\/\/lamendigapolitica.com\/blog\/blog\/wp-content\/uploads\/2016\/07\/pt.jpg\" alt=\"pt\" width=\"371\" height=\"247\" \/><\/a><\/p>\n<p>&nbsp;<\/p>\n<p>\u00d3scar Gonz\u00e1lez Y\u00e1\u00f1ez, integrante de la comisi\u00f3n coordinadora nacional del Partido del Trabajo (PT), advirti\u00f3 que ya no cometer\u00e1n los mismos errores del pasado, que les ha dejado m\u00e1s p\u00e9rdidas que ganancias como partido; por ello esperar\u00e1n a que se concrete una posible alianza entre el PRD y Morena para analizar si se integran a ella o buscan otro camino, informa hoy 24 horas.<\/p>\n<p>&nbsp;<\/p>\n<p>En torno al cambio de postura de Andr\u00e9s Manuel L\u00f3pez Obrador para conformar este bloque izquierdista, dijo que es una actitud sensata, porque \u201cAndr\u00e9s est\u00e1 claro que con Morena no le alcanza y en consecuencia est\u00e1 teniendo una actitud m\u00e1s sensata de acercarse al PRD\u201d.<\/p>\n<p>&nbsp;<\/p>\n<p>No obstante, consider\u00f3 que el nombramiento de Alejandra Barrales como nueva dirigente nacional del Sol Azteca, no es la presidencia que m\u00e1s le conviene a L\u00f3pez Obrador para sus intenciones de cara a las elecciones del 2017 en el estado de M\u00e9xico y en el 2018 la elecci\u00f3n presidencial, toda vez que \u201cAlejandra Barrales impulsar\u00e1 la candidatura del jefe de gobierno de la Ciudad de M\u00e9xico, Miguel \u00c1ngel Mancera\u201d.<\/p>\n","protected":false},"excerpt":{"rendered":"<p>&nbsp; \u00d3scar Gonz\u00e1lez Y\u00e1\u00f1ez, integrante de la comisi\u00f3n coordinadora nacional del Partido del Trabajo (PT), advirti\u00f3 que ya no cometer\u00e1n los mismos errores del pasado, que les ha dejado m\u00e1s p\u00e9rdidas que ganancias como partido; por ello esperar\u00e1n a que se concrete una posible alianza entre el PRD y Morena para analizar si se integran &hellip; <\/p>\n<p><a class=\"more-link btn\" href=\"https:\/\/lamendigapolitica.com\/?p=38654\">Seguir leyendo<\/a><\/p>\n","protected":false},"author":1,"featured_media":0,"comment_status":"open","ping_status":"closed","sticky":false,"template":"","format":"standard","meta":{"footnotes":""},"categories":[6,20,5,3],"tags":[],"class_list":["post-38654","post","type-post","status-publish","format-standard","hentry","category-congreso","category-gobierno","category-partidos","category-politica","item-wrap"],"_links":{"self":[{"href":"https:\/\/lamendigapolitica.com\/index.php?rest_route=\/wp\/v2\/posts\/38654","targetHints":{"allow":["GET"]}}],"collection":[{"href":"https:\/\/lamendigapolitica.com\/index.php?rest_route=\/wp\/v2\/posts"}],"about":[{"href":"https:\/\/lamendigapolitica.com\/index.php?rest_route=\/wp\/v2\/types\/post"}],"author":[{"embeddable":true,"href":"https:\/\/lamendigapolitica.com\/index.php?rest_route=\/wp\/v2\/users\/1"}],"replies":[{"embeddable":true,"href":"https:\/\/lamendigapolitica.com\/index.php?rest_route=%2Fwp%2Fv2%2Fcomments&post=38654"}],"version-history":[{"count":1,"href":"https:\/\/lamendigapolitica.com\/index.php?rest_route=\/wp\/v2\/posts\/38654\/revisions"}],"predecessor-version":[{"id":38656,"href":"https:\/\/lamendigapolitica.com\/index.php?rest_route=\/wp\/v2\/posts\/38654\/revisions\/38656"}],"wp:attachment":[{"href":"https:\/\/lamendigapolitica.com\/index.php?rest_route=%2Fwp%2Fv2%2Fmedia&parent=38654"}],"wp:term":[{"taxonomy":"category","embeddable":true,"href":"https:\/\/lamendigapolitica.com\/index.php?rest_route=%2Fwp%2Fv2%2Fcategories&post=38654"},{"taxonomy":"post_tag","embeddable":true,"href":"https:\/\/lamendigapolitica.com\/index.php?rest_route=%2Fwp%2Fv2%2Ftags&post=38654"}],"curies":[{"name":"wp","href":"https:\/\/api.w.org\/{rel}","templated":true}]}}