{"id":38648,"date":"2016-07-19T09:34:50","date_gmt":"2016-07-19T14:34:50","guid":{"rendered":"http:\/\/lamendigapolitica.com\/blog\/?p=38648"},"modified":"2016-07-19T09:34:50","modified_gmt":"2016-07-19T14:34:50","slug":"analiza-pan-forma-de-elegir-lider-de-san-lazaro","status":"publish","type":"post","link":"https:\/\/lamendigapolitica.com\/?p=38648","title":{"rendered":"Analiza PAN forma de elegir l\u00edder de San L\u00e1zaro"},"content":{"rendered":"<p><a href=\"https:\/\/lamendigapolitica.com\/blog\/blog\/wp-content\/uploads\/2016\/07\/pan.jpg\" rel=\"attachment wp-att-38649\"><img loading=\"lazy\" decoding=\"async\" class=\"aligncenter  wp-image-38649\" src=\"https:\/\/lamendigapolitica.com\/blog\/blog\/wp-content\/uploads\/2016\/07\/pan.jpg\" alt=\"pan\" width=\"377\" height=\"227\" \/><\/a><\/p>\n<p>&nbsp;<\/p>\n<p>El coordinador de Acci\u00f3n Nacional, Marko Cort\u00e9s, analiza dos estrategias para la elecci\u00f3n del nuevo presidente de la C\u00e1mara de Diputados que recaer\u00e1 a partir de septiembre en el PAN \u00a0y que genera diferencias al interior de esta bancada, por lo que est\u00e1 por decidirse entre: Gustavo Madero, quien se destap\u00f3 para este cargo el fin de semana; o como plan B, buscar el consenso a partir de la discusi\u00f3n de una terna integrada por los diputados.<\/p>\n<p>&nbsp;<\/p>\n<p>De hecho la decisi\u00f3n deber\u00e1 tomarla el dirigente nacional del PAN, Ricardo Anaya, a partir del diagn\u00f3stico que entregue Cort\u00e9s. El l\u00edder de la bancada inform\u00f3 que ser\u00e1 hasta finales de agosto cuando se defina en qui\u00e9n recaer\u00e1 la coordinaci\u00f3n y esta definici\u00f3n, dijo, se har\u00e1 junto con el presidente nacional del PAN. Seg\u00fan publica hoy \u00a024 HORAS, el diputado Jorge Triana indic\u00f3 que no es momento para andar en campa\u00f1a, pero acot\u00f3 que la fracci\u00f3n cuenta con perfiles con mucha experiencia parlamentaria y que ninguno resalta sobre otro diputado.<\/p>\n<p>&nbsp;<\/p>\n<p>\u201cAndan muy adelantados\u2026 A\u00fan no hay definici\u00f3n, es una decisi\u00f3n dif\u00edcil porque hay un grupo heterog\u00e9neo y varios diputados tienen suficiente experiencia para este encargo\u201d, coment\u00f3 Triana. Por su parte \u00a0Federico D\u00f6ring sobre la posibilidad de presidir la C\u00e1mara de Diputados, declin\u00f3 hacer comentario alguno sobre el tema y el vicepresidente de la mesa directiva, Edmundo Javier Bola\u00f1os Aguilar, tambi\u00e9n consider\u00f3 que \u201cno es un debate abierto en este momento\u201d.<\/p>\n<p>&nbsp;<\/p>\n<p>Sobre el destape de Madero para ocupar este cargo, Bola\u00f1os precis\u00f3 que el chihuahuense es su amigo y respeta su decisi\u00f3n de hablar p\u00fablicamente sobre el tema. \u201cLo m\u00e1s importante es que el grupo parlamentario mantenga la unidad y sea congruente. Esperare la definici\u00f3n del CEN y estar\u00e9 atento; siempre abonar\u00e9 a la unidad\u201d, coment\u00f3. Explic\u00f3 que esa decisi\u00f3n seguramente se procesar\u00e1 la tercera semana de agosto durante la plenaria de los diputados y en plena \u201ccoordinaci\u00f3n con la dirigencia nacional\u201c.<\/p>\n<p>&nbsp;<\/p>\n<p>Admiti\u00f3 que para \u00e9l ser\u00eda un honor representar al Congreso y que lo har\u00eda de manera institucional fuera de la agenda de su partido. Luego de que Gustavo madero se destapara el domingo para presidir la C\u00e1mara de Diputados en la siguiente legislatura, asegur\u00f3 que ser\u00eda un error que la bancada del blanquiazul se fracturara en la decisi\u00f3n de elegir al sucesor del perredista Jes\u00fas Zambrano, y afirm\u00f3 que si no es electo por sus compa\u00f1eros y por el dirigente nacional, Ricardo Anaya, apoyar\u00e1 al legislador que decidan.<\/p>\n","protected":false},"excerpt":{"rendered":"<p>&nbsp; El coordinador de Acci\u00f3n Nacional, Marko Cort\u00e9s, analiza dos estrategias para la elecci\u00f3n del nuevo presidente de la C\u00e1mara de Diputados que recaer\u00e1 a partir de septiembre en el PAN \u00a0y que genera diferencias al interior de esta bancada, por lo que est\u00e1 por decidirse entre: Gustavo Madero, quien se destap\u00f3 para este cargo &hellip; <\/p>\n<p><a class=\"more-link btn\" href=\"https:\/\/lamendigapolitica.com\/?p=38648\">Seguir leyendo<\/a><\/p>\n","protected":false},"author":1,"featured_media":0,"comment_status":"open","ping_status":"closed","sticky":false,"template":"","format":"standard","meta":{"footnotes":""},"categories":[6,20,5,3],"tags":[],"class_list":["post-38648","post","type-post","status-publish","format-standard","hentry","category-congreso","category-gobierno","category-partidos","category-politica","item-wrap"],"_links":{"self":[{"href":"https:\/\/lamendigapolitica.com\/index.php?rest_route=\/wp\/v2\/posts\/38648","targetHints":{"allow":["GET"]}}],"collection":[{"href":"https:\/\/lamendigapolitica.com\/index.php?rest_route=\/wp\/v2\/posts"}],"about":[{"href":"https:\/\/lamendigapolitica.com\/index.php?rest_route=\/wp\/v2\/types\/post"}],"author":[{"embeddable":true,"href":"https:\/\/lamendigapolitica.com\/index.php?rest_route=\/wp\/v2\/users\/1"}],"replies":[{"embeddable":true,"href":"https:\/\/lamendigapolitica.com\/index.php?rest_route=%2Fwp%2Fv2%2Fcomments&post=38648"}],"version-history":[{"count":1,"href":"https:\/\/lamendigapolitica.com\/index.php?rest_route=\/wp\/v2\/posts\/38648\/revisions"}],"predecessor-version":[{"id":38650,"href":"https:\/\/lamendigapolitica.com\/index.php?rest_route=\/wp\/v2\/posts\/38648\/revisions\/38650"}],"wp:attachment":[{"href":"https:\/\/lamendigapolitica.com\/index.php?rest_route=%2Fwp%2Fv2%2Fmedia&parent=38648"}],"wp:term":[{"taxonomy":"category","embeddable":true,"href":"https:\/\/lamendigapolitica.com\/index.php?rest_route=%2Fwp%2Fv2%2Fcategories&post=38648"},{"taxonomy":"post_tag","embeddable":true,"href":"https:\/\/lamendigapolitica.com\/index.php?rest_route=%2Fwp%2Fv2%2Ftags&post=38648"}],"curies":[{"name":"wp","href":"https:\/\/api.w.org\/{rel}","templated":true}]}}