{"id":38624,"date":"2016-07-18T16:30:45","date_gmt":"2016-07-18T21:30:45","guid":{"rendered":"http:\/\/lamendigapolitica.com\/blog\/?p=38624"},"modified":"2016-07-18T16:30:45","modified_gmt":"2016-07-18T21:30:45","slug":"sesiona-comite-tecnico-de-transparencia-y-valoracion-salarial","status":"publish","type":"post","link":"https:\/\/lamendigapolitica.com\/?p=38624","title":{"rendered":"Sesiona Comit\u00e9 T\u00e9cnico de Transparencia y Valoraci\u00f3n Salarial"},"content":{"rendered":"<p><a href=\"https:\/\/lamendigapolitica.com\/blog\/blog\/wp-content\/uploads\/2016\/07\/28052402952_1e07a2f849_z.jpg\" rel=\"attachment wp-att-38625\"><img loading=\"lazy\" decoding=\"async\" class=\"aligncenter  wp-image-38625\" src=\"https:\/\/lamendigapolitica.com\/blog\/blog\/wp-content\/uploads\/2016\/07\/28052402952_1e07a2f849_z.jpg\" alt=\"28052402952_1e07a2f849_z\" width=\"336\" height=\"229\" srcset=\"https:\/\/lamendigapolitica.com\/wp-content\/uploads\/2016\/07\/28052402952_1e07a2f849_z.jpg 640w, https:\/\/lamendigapolitica.com\/wp-content\/uploads\/2016\/07\/28052402952_1e07a2f849_z-300x205.jpg 300w\" sizes=\"auto, (max-width: 336px) 100vw, 336px\" \/><\/a><\/p>\n<p>&nbsp;<\/p>\n<p>El Comit\u00e9 T\u00e9cnico de Transparecia y Valoraci\u00f3n Salarial aprob\u00f3 la agenda de trabajo del segundo semestre del a\u00f1o, as\u00ed como la instalaci\u00f3n de mesas de an\u00e1lisis para emitir antes del 15 de julio pr\u00f3ximo, las recomendaciones para el ajuste a la partida mil correspondiente a servicios personales en el presupuesto de egresos del Gobierno del Estado del ejercicio fiscal 2016.<\/p>\n<p>&nbsp;<\/p>\n<p>En este periodo se revisar\u00e1n los salarios de los siguientes nombramientos: Presidente del Supremo Tribunal de Justicia del Estado de Jalisco, Magistrado del Supremo Tribunal de Justicia del Estado, Consejeros de la Judicatura del Estado, Presidente y Magistrados del Tribunal de lo Administrativo, Auditor Superior del Estado de Jalisco, Presidente de la Comisi\u00f3n Estatal de Derechos Humanos de Jalisco, Consejero Presidente del Instituto Electoral y de Participaci\u00f3n Ciudadana y del Presidente del Consejo del Instituto de Transparencia y Acceso a la Informaci\u00f3n P\u00fablica de Jalisco.<\/p>\n<p>&nbsp;<\/p>\n<p>La fecha de entrega del an\u00e1lisis es el pr\u00f3ximo 15 julio por parte del CTTVS, a partir de ah\u00ed se entregar\u00e1 el documento al Congreso del Estado. Las recomendaciones salariales se aplicaran a los nombramientos entregados a partir del 25 de mayo del 2016 en t\u00e9rminos de la Reforma Constitucional.<\/p>\n<p>&nbsp;<\/p>\n<p>Durante la sesi\u00f3n los integrantes del Comit\u00e9 T\u00e9cnico de Transparencia y Valoraci\u00f3n Salarial, ratificaron y tomaron protesta como Secretaria T\u00e9cnica del Comit\u00e9, a Ruth Alejandra Nu\u00f1o Cerda, Directora General de Administraci\u00f3n y Desarrollo Personal del Gobierno del Estado de Jalisco.<\/p>\n","protected":false},"excerpt":{"rendered":"<p>&nbsp; El Comit\u00e9 T\u00e9cnico de Transparecia y Valoraci\u00f3n Salarial aprob\u00f3 la agenda de trabajo del segundo semestre del a\u00f1o, as\u00ed como la instalaci\u00f3n de mesas de an\u00e1lisis para emitir antes del 15 de julio pr\u00f3ximo, las recomendaciones para el ajuste a la partida mil correspondiente a servicios personales en el presupuesto de egresos del Gobierno &hellip; <\/p>\n<p><a class=\"more-link btn\" href=\"https:\/\/lamendigapolitica.com\/?p=38624\">Seguir leyendo<\/a><\/p>\n","protected":false},"author":1,"featured_media":0,"comment_status":"open","ping_status":"closed","sticky":false,"template":"","format":"standard","meta":{"footnotes":""},"categories":[6,20,5,3],"tags":[],"class_list":["post-38624","post","type-post","status-publish","format-standard","hentry","category-congreso","category-gobierno","category-partidos","category-politica","item-wrap"],"_links":{"self":[{"href":"https:\/\/lamendigapolitica.com\/index.php?rest_route=\/wp\/v2\/posts\/38624","targetHints":{"allow":["GET"]}}],"collection":[{"href":"https:\/\/lamendigapolitica.com\/index.php?rest_route=\/wp\/v2\/posts"}],"about":[{"href":"https:\/\/lamendigapolitica.com\/index.php?rest_route=\/wp\/v2\/types\/post"}],"author":[{"embeddable":true,"href":"https:\/\/lamendigapolitica.com\/index.php?rest_route=\/wp\/v2\/users\/1"}],"replies":[{"embeddable":true,"href":"https:\/\/lamendigapolitica.com\/index.php?rest_route=%2Fwp%2Fv2%2Fcomments&post=38624"}],"version-history":[{"count":1,"href":"https:\/\/lamendigapolitica.com\/index.php?rest_route=\/wp\/v2\/posts\/38624\/revisions"}],"predecessor-version":[{"id":38626,"href":"https:\/\/lamendigapolitica.com\/index.php?rest_route=\/wp\/v2\/posts\/38624\/revisions\/38626"}],"wp:attachment":[{"href":"https:\/\/lamendigapolitica.com\/index.php?rest_route=%2Fwp%2Fv2%2Fmedia&parent=38624"}],"wp:term":[{"taxonomy":"category","embeddable":true,"href":"https:\/\/lamendigapolitica.com\/index.php?rest_route=%2Fwp%2Fv2%2Fcategories&post=38624"},{"taxonomy":"post_tag","embeddable":true,"href":"https:\/\/lamendigapolitica.com\/index.php?rest_route=%2Fwp%2Fv2%2Ftags&post=38624"}],"curies":[{"name":"wp","href":"https:\/\/api.w.org\/{rel}","templated":true}]}}