{"id":38597,"date":"2016-07-18T09:38:17","date_gmt":"2016-07-18T14:38:17","guid":{"rendered":"http:\/\/lamendigapolitica.com\/blog\/?p=38597"},"modified":"2016-07-18T09:40:42","modified_gmt":"2016-07-18T14:40:42","slug":"renuncia-virgilio-andrade-a-la-secretaria-de-la-funcion-publica","status":"publish","type":"post","link":"https:\/\/lamendigapolitica.com\/?p=38597","title":{"rendered":"Renuncia Virgilio Andrade a la Secretar\u00eda de la Funci\u00f3n P\u00fablica"},"content":{"rendered":"<p><a href=\"https:\/\/lamendigapolitica.com\/blog\/blog\/wp-content\/uploads\/2016\/07\/virgilio.jpg\" rel=\"attachment wp-att-38598\"><img loading=\"lazy\" decoding=\"async\" class=\"aligncenter wp-image-38598\" src=\"https:\/\/lamendigapolitica.com\/blog\/blog\/wp-content\/uploads\/2016\/07\/virgilio.jpg\" alt=\"virgilio\" width=\"372\" height=\"194\" srcset=\"https:\/\/lamendigapolitica.com\/wp-content\/uploads\/2016\/07\/virgilio.jpg 311w, https:\/\/lamendigapolitica.com\/wp-content\/uploads\/2016\/07\/virgilio-300x156.jpg 300w\" sizes=\"auto, (max-width: 372px) 100vw, 372px\" \/><\/a><\/p>\n<p>&nbsp;<\/p>\n<p>Para permitir que, en el marco del Sistema Nacional Anticorrupci\u00f3n (SNA) que se promulga este lunes y el presidente Enrique Pe\u00f1a Nieto designe al nuevo titular, Virgilio Andrade renunci\u00f3 hoy como secretario de la Funci\u00f3n P\u00fablica<\/p>\n<p>&nbsp;<\/p>\n<p>En un mensaje a medios, Andrade calific\u00f3 de hist\u00f3rica esta jornada que permitir\u00e1 a los mexicanos contar con un esquema que d\u00e9 fin al problema de la corrupci\u00f3n. El nuevo titular de la Secretar\u00eda de la Funci\u00f3n P\u00fablica ser\u00e1 confirmado por el Senado de la Rep\u00fablica.<\/p>\n<p>&nbsp;<\/p>\n<p>\u201cHoy finaliza la era de la administraci\u00f3n p\u00fablica tradicional de control interno para dar paso a un nuevo episodio ciudadano y plural\u201d, destac\u00f3.<\/p>\n","protected":false},"excerpt":{"rendered":"<p>&nbsp; Para permitir que, en el marco del Sistema Nacional Anticorrupci\u00f3n (SNA) que se promulga este lunes y el presidente Enrique Pe\u00f1a Nieto designe al nuevo titular, Virgilio Andrade renunci\u00f3 hoy como secretario de la Funci\u00f3n P\u00fablica &nbsp; En un mensaje a medios, Andrade calific\u00f3 de hist\u00f3rica esta jornada que permitir\u00e1 a los mexicanos contar &hellip; <\/p>\n<p><a class=\"more-link btn\" href=\"https:\/\/lamendigapolitica.com\/?p=38597\">Seguir leyendo<\/a><\/p>\n","protected":false},"author":1,"featured_media":0,"comment_status":"open","ping_status":"closed","sticky":false,"template":"","format":"standard","meta":{"footnotes":""},"categories":[6,20,5,3],"tags":[],"class_list":["post-38597","post","type-post","status-publish","format-standard","hentry","category-congreso","category-gobierno","category-partidos","category-politica","item-wrap"],"_links":{"self":[{"href":"https:\/\/lamendigapolitica.com\/index.php?rest_route=\/wp\/v2\/posts\/38597","targetHints":{"allow":["GET"]}}],"collection":[{"href":"https:\/\/lamendigapolitica.com\/index.php?rest_route=\/wp\/v2\/posts"}],"about":[{"href":"https:\/\/lamendigapolitica.com\/index.php?rest_route=\/wp\/v2\/types\/post"}],"author":[{"embeddable":true,"href":"https:\/\/lamendigapolitica.com\/index.php?rest_route=\/wp\/v2\/users\/1"}],"replies":[{"embeddable":true,"href":"https:\/\/lamendigapolitica.com\/index.php?rest_route=%2Fwp%2Fv2%2Fcomments&post=38597"}],"version-history":[{"count":1,"href":"https:\/\/lamendigapolitica.com\/index.php?rest_route=\/wp\/v2\/posts\/38597\/revisions"}],"predecessor-version":[{"id":38599,"href":"https:\/\/lamendigapolitica.com\/index.php?rest_route=\/wp\/v2\/posts\/38597\/revisions\/38599"}],"wp:attachment":[{"href":"https:\/\/lamendigapolitica.com\/index.php?rest_route=%2Fwp%2Fv2%2Fmedia&parent=38597"}],"wp:term":[{"taxonomy":"category","embeddable":true,"href":"https:\/\/lamendigapolitica.com\/index.php?rest_route=%2Fwp%2Fv2%2Fcategories&post=38597"},{"taxonomy":"post_tag","embeddable":true,"href":"https:\/\/lamendigapolitica.com\/index.php?rest_route=%2Fwp%2Fv2%2Ftags&post=38597"}],"curies":[{"name":"wp","href":"https:\/\/api.w.org\/{rel}","templated":true}]}}