{"id":38594,"date":"2016-07-18T09:33:06","date_gmt":"2016-07-18T14:33:06","guid":{"rendered":"http:\/\/lamendigapolitica.com\/blog\/?p=38594"},"modified":"2016-07-18T09:33:06","modified_gmt":"2016-07-18T14:33:06","slug":"inicia-el-periodo-mas-caluroso-del-ano","status":"publish","type":"post","link":"https:\/\/lamendigapolitica.com\/?p=38594","title":{"rendered":"Inicia el periodo m\u00e1s caluroso del a\u00f1o"},"content":{"rendered":"<p><a href=\"https:\/\/lamendigapolitica.com\/blog\/blog\/wp-content\/uploads\/2016\/07\/canicula.jpg\" rel=\"attachment wp-att-38595\"><img loading=\"lazy\" decoding=\"async\" class=\"aligncenter  wp-image-38595\" src=\"https:\/\/lamendigapolitica.com\/blog\/blog\/wp-content\/uploads\/2016\/07\/canicula.jpg\" alt=\"canicula\" width=\"421\" height=\"236\" \/><\/a><\/p>\n<p>&nbsp;<\/p>\n<p>Inicia el periodo m\u00e1s caluroso del a\u00f1o, conocido popularmente como can\u00edcula\u00a0 con temperaturas mayores a los 37 grados cent\u00edgrados registradas principalmente en el sureste, la Pen\u00ednsula de Yucat\u00e1n, as\u00ed como en algunas zonas del centro del pa\u00eds, seg\u00fan inform\u00f3 la Comisi\u00f3n Nacional del Agua, a trav\u00e9s del Servicio Meteorol\u00f3gico Nacional. En un comunicado el organismo explic\u00f3 que este fen\u00f3meno se debe a los registros de precipitaci\u00f3n y temperaturas de junio y el comparativo de cifras de lo que va de julio, los cuales indican una disminuci\u00f3n de las lluvias y un incremento de las temperaturas.<\/p>\n<p>&nbsp;<\/p>\n<p>\u201cEn la mayor parte del territorio mexicano la temporada de lluvias ocurre entre mayo y octubre, cuando se acumula hasta 80% de la precipitaci\u00f3n total anual, de acuerdo con los registros de 1941 a 2015, excepto en la Pen\u00ednsula de Baja California y el noroeste del pa\u00eds, donde las lluvias ocurren en el invierno\u201d, dice el comunicado. Durante la temporada de lluvias ocurre el fen\u00f3meno de can\u00edcula \u2013que dura aproximadamente 40 d\u00edas, comprendidos entre los \u00faltimos d\u00edas de julio y hasta agosto-.<\/p>\n<p>&nbsp;<\/p>\n<p>Por el contrario, la can\u00edcula, tambi\u00e9n conocida como sequ\u00eda intraestival no se registra en Baja California, Baja California Sur, Sonora, Sinaloa, Durango, Nayarit y zonas de Chihuahua y Jalisco.<\/p>\n<p>&nbsp;<\/p>\n<p>5.9% m\u00e1s lluvias fueron registradas durante el mes de junio pasado, en comparaci\u00f3n con la media nacional, de acuerdo con el Servicio Meteorol\u00f3gico Nacional (SMN). Mientras que del 1 al 13 de julio se registr\u00f3 una disminuci\u00f3n de 33.1% en la precipitaci\u00f3n con respecto a la climatolog\u00eda de 1971 a 2000.<\/p>\n","protected":false},"excerpt":{"rendered":"<p>&nbsp; Inicia el periodo m\u00e1s caluroso del a\u00f1o, conocido popularmente como can\u00edcula\u00a0 con temperaturas mayores a los 37 grados cent\u00edgrados registradas principalmente en el sureste, la Pen\u00ednsula de Yucat\u00e1n, as\u00ed como en algunas zonas del centro del pa\u00eds, seg\u00fan inform\u00f3 la Comisi\u00f3n Nacional del Agua, a trav\u00e9s del Servicio Meteorol\u00f3gico Nacional. En un comunicado el &hellip; <\/p>\n<p><a class=\"more-link btn\" href=\"https:\/\/lamendigapolitica.com\/?p=38594\">Seguir leyendo<\/a><\/p>\n","protected":false},"author":1,"featured_media":0,"comment_status":"open","ping_status":"closed","sticky":false,"template":"","format":"standard","meta":{"footnotes":""},"categories":[6,20,3,27,22],"tags":[],"class_list":["post-38594","post","type-post","status-publish","format-standard","hentry","category-congreso","category-gobierno","category-politica","category-seguridad","category-sociales","item-wrap"],"_links":{"self":[{"href":"https:\/\/lamendigapolitica.com\/index.php?rest_route=\/wp\/v2\/posts\/38594","targetHints":{"allow":["GET"]}}],"collection":[{"href":"https:\/\/lamendigapolitica.com\/index.php?rest_route=\/wp\/v2\/posts"}],"about":[{"href":"https:\/\/lamendigapolitica.com\/index.php?rest_route=\/wp\/v2\/types\/post"}],"author":[{"embeddable":true,"href":"https:\/\/lamendigapolitica.com\/index.php?rest_route=\/wp\/v2\/users\/1"}],"replies":[{"embeddable":true,"href":"https:\/\/lamendigapolitica.com\/index.php?rest_route=%2Fwp%2Fv2%2Fcomments&post=38594"}],"version-history":[{"count":1,"href":"https:\/\/lamendigapolitica.com\/index.php?rest_route=\/wp\/v2\/posts\/38594\/revisions"}],"predecessor-version":[{"id":38596,"href":"https:\/\/lamendigapolitica.com\/index.php?rest_route=\/wp\/v2\/posts\/38594\/revisions\/38596"}],"wp:attachment":[{"href":"https:\/\/lamendigapolitica.com\/index.php?rest_route=%2Fwp%2Fv2%2Fmedia&parent=38594"}],"wp:term":[{"taxonomy":"category","embeddable":true,"href":"https:\/\/lamendigapolitica.com\/index.php?rest_route=%2Fwp%2Fv2%2Fcategories&post=38594"},{"taxonomy":"post_tag","embeddable":true,"href":"https:\/\/lamendigapolitica.com\/index.php?rest_route=%2Fwp%2Fv2%2Ftags&post=38594"}],"curies":[{"name":"wp","href":"https:\/\/api.w.org\/{rel}","templated":true}]}}