{"id":38582,"date":"2016-07-17T17:32:15","date_gmt":"2016-07-17T22:32:15","guid":{"rendered":"http:\/\/lamendigapolitica.com\/blog\/?p=38582"},"modified":"2016-07-17T17:32:15","modified_gmt":"2016-07-17T22:32:15","slug":"ceteg-catifixia-el-paso-libre-a-chabelo-por-selfies","status":"publish","type":"post","link":"https:\/\/lamendigapolitica.com\/?p=38582","title":{"rendered":"Ceteg Catifixia el paso libre a \u2018Chabelo\u2019 por selfies"},"content":{"rendered":"<p><a href=\"https:\/\/lamendigapolitica.com\/blog\/blog\/wp-content\/uploads\/2016\/07\/catafixia.jpg\" rel=\"attachment wp-att-38583\"><img loading=\"lazy\" decoding=\"async\" class=\"aligncenter  wp-image-38583\" src=\"https:\/\/lamendigapolitica.com\/blog\/blog\/wp-content\/uploads\/2016\/07\/catafixia.jpg\" alt=\"catafixia\" width=\"479\" height=\"168\" srcset=\"https:\/\/lamendigapolitica.com\/wp-content\/uploads\/2016\/07\/catafixia.jpg 379w, https:\/\/lamendigapolitica.com\/wp-content\/uploads\/2016\/07\/catafixia-300x105.jpg 300w\" sizes=\"auto, (max-width: 479px) 100vw, 479px\" \/><\/a><\/p>\n<p>&nbsp;<\/p>\n<p>Integrantes de la Coordinadora Estatal de Trabajadores de la Educaci\u00f3n (CETEG) marcaron el alto a la altura de la caseta de La Venta a un veh\u00edculo en que viajaba Xavier L\u00f3pez \u2018Chabelo\u2019, al percatarse los maestros de que una de la personas era el actor, le catafixiaron el paso tras tomarse selfies y realizar una pinta en apoyo a la CNTE en su camioneta.<\/p>\n<p>&nbsp;<\/p>\n<p>La manifestaci\u00f3n de los maestros fue por los despidos de m\u00e1s de mil maestros en Guerrero; los inconformes llegaron a la caseta de peaje alrededor de las 11:00 horas.<\/p>\n<p>&nbsp;<\/p>\n<p>Entre consignas contra la reforma educativa, los inconformes se acercaron al exconductor de \u2018En Familia con Chabelo\u2019, para manifestarle su admiraci\u00f3n. Al final, le permitieron el paso y lanzaron porras al amigo de todos los ni\u00f1os.<\/p>\n","protected":false},"excerpt":{"rendered":"<p>&nbsp; Integrantes de la Coordinadora Estatal de Trabajadores de la Educaci\u00f3n (CETEG) marcaron el alto a la altura de la caseta de La Venta a un veh\u00edculo en que viajaba Xavier L\u00f3pez \u2018Chabelo\u2019, al percatarse los maestros de que una de la personas era el actor, le catafixiaron el paso tras tomarse selfies y realizar &hellip; <\/p>\n<p><a class=\"more-link btn\" href=\"https:\/\/lamendigapolitica.com\/?p=38582\">Seguir leyendo<\/a><\/p>\n","protected":false},"author":1,"featured_media":0,"comment_status":"open","ping_status":"closed","sticky":false,"template":"","format":"standard","meta":{"footnotes":""},"categories":[28,20,3,27,22],"tags":[],"class_list":["post-38582","post","type-post","status-publish","format-standard","hentry","category-educacion","category-gobierno","category-politica","category-seguridad","category-sociales","item-wrap"],"_links":{"self":[{"href":"https:\/\/lamendigapolitica.com\/index.php?rest_route=\/wp\/v2\/posts\/38582","targetHints":{"allow":["GET"]}}],"collection":[{"href":"https:\/\/lamendigapolitica.com\/index.php?rest_route=\/wp\/v2\/posts"}],"about":[{"href":"https:\/\/lamendigapolitica.com\/index.php?rest_route=\/wp\/v2\/types\/post"}],"author":[{"embeddable":true,"href":"https:\/\/lamendigapolitica.com\/index.php?rest_route=\/wp\/v2\/users\/1"}],"replies":[{"embeddable":true,"href":"https:\/\/lamendigapolitica.com\/index.php?rest_route=%2Fwp%2Fv2%2Fcomments&post=38582"}],"version-history":[{"count":1,"href":"https:\/\/lamendigapolitica.com\/index.php?rest_route=\/wp\/v2\/posts\/38582\/revisions"}],"predecessor-version":[{"id":38584,"href":"https:\/\/lamendigapolitica.com\/index.php?rest_route=\/wp\/v2\/posts\/38582\/revisions\/38584"}],"wp:attachment":[{"href":"https:\/\/lamendigapolitica.com\/index.php?rest_route=%2Fwp%2Fv2%2Fmedia&parent=38582"}],"wp:term":[{"taxonomy":"category","embeddable":true,"href":"https:\/\/lamendigapolitica.com\/index.php?rest_route=%2Fwp%2Fv2%2Fcategories&post=38582"},{"taxonomy":"post_tag","embeddable":true,"href":"https:\/\/lamendigapolitica.com\/index.php?rest_route=%2Fwp%2Fv2%2Ftags&post=38582"}],"curies":[{"name":"wp","href":"https:\/\/api.w.org\/{rel}","templated":true}]}}