{"id":38573,"date":"2016-07-17T10:53:53","date_gmt":"2016-07-17T15:53:53","guid":{"rendered":"http:\/\/lamendigapolitica.com\/blog\/?p=38573"},"modified":"2016-07-17T10:53:53","modified_gmt":"2016-07-17T15:53:53","slug":"el-inegi-borro-el-historial-de-la-pobreza-acusa-coneval","status":"publish","type":"post","link":"https:\/\/lamendigapolitica.com\/?p=38573","title":{"rendered":"El Inegi borr\u00f3 el historial de la pobreza  acusa Coneval"},"content":{"rendered":"<p><a href=\"https:\/\/lamendigapolitica.com\/blog\/blog\/wp-content\/uploads\/2016\/07\/pobreza.jpg\" rel=\"attachment wp-att-38574\"><img loading=\"lazy\" decoding=\"async\" class=\"aligncenter  wp-image-38574\" src=\"https:\/\/lamendigapolitica.com\/blog\/blog\/wp-content\/uploads\/2016\/07\/pobreza.jpg\" alt=\"pobreza\" width=\"356\" height=\"237\" \/><\/a><\/p>\n<p>&nbsp;<\/p>\n<p>Pese a que despu\u00e9s de la publicaci\u00f3n del M\u00f3dulo de Condiciones Socioecon\u00f3micas (MCS) 2015, elaborado por el Instituto Nacional de Estad\u00edstica y Geograf\u00eda (Inegi), el Consejo Nacional de Evaluaci\u00f3n de la Pol\u00edtica de Desarrollo Social (Coneval) publicar\u00eda, a dos semanas de ello, los n\u00fameros de pobreza nacional y estatal. Pero en el documento del Inegi se especific\u00f3 que estos resultados se hab\u00edan logrado con \u201cacciones instrumentadas para mejorar el ingreso [\u2026] lo que hace que el M\u00f3dulo de este a\u00f1o no sea comparable con los ejercicios estad\u00edsticos previos\u201d<\/p>\n<p>&nbsp;<\/p>\n<p>Es decir, de la pobreza en M\u00e9xico ahora s\u00f3lo hay datos de 2015, lo que no permite conocer si esa problem\u00e1tica aument\u00f3 o disminuy\u00f3 en este \u00faltimo a\u00f1o.Se encontr\u00f3 que esos cambios fueron m\u00e1s evidentes en los n\u00fameros de la poblaci\u00f3n m\u00e1s pobre del pa\u00eds, ya que seg\u00fan el Inegi en el \u00faltimo a\u00f1o los ingresos de \u00e9stos aumentaron 33.6 por ciento y la captaci\u00f3n del ingreso de los hogares en M\u00e9xico aument\u00f3: fue de 1 bill\u00f3n 524 mil 262.5 millones de pesos, de acuerdo con lo publicado por el portal de noticias SinEmbargo.<\/p>\n<p>&nbsp;<\/p>\n<p>\u201cCrecer\u00e1 la sospecha\u201d, hacia el organismo que mide en el pa\u00eds el ingreso de las familias, el Producto Interno Bruto (PIB) y la inflaci\u00f3n, entre otros indicadores econ\u00f3micos, se\u00f1al\u00f3 \u00a0Gonzalo Hern\u00e1ndez Licona, Secretario Ejecutivo del Coneval \u201cEl problema es que en un pa\u00eds con una historia de sospechas hacia los indicadores, esos cambios se deben hacer de forma transparente, planeada y con tiempo. El Inegi debi\u00f3 haber explicado por qu\u00e9 razones se planeaba cambiar la forma de hacer el ejercicio y modificar la forma de captar el ingreso para reflejar mejor la situaci\u00f3n, pero no lo hizo\u201d.<\/p>\n<p>&nbsp;<\/p>\n<p>En 2015, en este m\u00f3dulo de condiciones, decidi\u00f3 de manera unilateral cambiar la forma sin avisarle a nadie. Nos avisan hasta ahora y as\u00ed no se hacen las modificaciones estad\u00edsticas, as\u00ed lo que generan es sospecha. As\u00ed no se deben hacer las cosas, afirm\u00f3 contrariado. El Inegi no cambi\u00f3 la forma de medir pobreza, lo que se modific\u00f3 fue la informaci\u00f3n para hacer esa medici\u00f3n y la forma de medir el ingreso. Dadas las especificaciones de esta encuesta, el Coneval analiza las posibilidades que tiene de presentar su informaci\u00f3n dentro del margen de tiempo que ten\u00eda planeado.<\/p>\n<p>&nbsp;<\/p>\n<p>Miembros de la sociedad civil tambi\u00e9n se sumaron al reclamo del Coneval, al criticar que se prioriz\u00f3 el dar cifras positivas, antes que tener n\u00fameros reales de la pobreza en el pa\u00eds y combatirla. D\u00edas antes se denunci\u00f3 que en el \u00faltimo a\u00f1o, el n\u00famero de programas sociales aument\u00f3 58 por ciento sin tener resultados notorios.<\/p>\n","protected":false},"excerpt":{"rendered":"<p>&nbsp; Pese a que despu\u00e9s de la publicaci\u00f3n del M\u00f3dulo de Condiciones Socioecon\u00f3micas (MCS) 2015, elaborado por el Instituto Nacional de Estad\u00edstica y Geograf\u00eda (Inegi), el Consejo Nacional de Evaluaci\u00f3n de la Pol\u00edtica de Desarrollo Social (Coneval) publicar\u00eda, a dos semanas de ello, los n\u00fameros de pobreza nacional y estatal. Pero en el documento del &hellip; <\/p>\n<p><a class=\"more-link btn\" href=\"https:\/\/lamendigapolitica.com\/?p=38573\">Seguir leyendo<\/a><\/p>\n","protected":false},"author":1,"featured_media":0,"comment_status":"open","ping_status":"closed","sticky":false,"template":"","format":"standard","meta":{"footnotes":""},"categories":[6,20,5,3,29,27,22],"tags":[],"class_list":["post-38573","post","type-post","status-publish","format-standard","hentry","category-congreso","category-gobierno","category-partidos","category-politica","category-salud","category-seguridad","category-sociales","item-wrap"],"_links":{"self":[{"href":"https:\/\/lamendigapolitica.com\/index.php?rest_route=\/wp\/v2\/posts\/38573","targetHints":{"allow":["GET"]}}],"collection":[{"href":"https:\/\/lamendigapolitica.com\/index.php?rest_route=\/wp\/v2\/posts"}],"about":[{"href":"https:\/\/lamendigapolitica.com\/index.php?rest_route=\/wp\/v2\/types\/post"}],"author":[{"embeddable":true,"href":"https:\/\/lamendigapolitica.com\/index.php?rest_route=\/wp\/v2\/users\/1"}],"replies":[{"embeddable":true,"href":"https:\/\/lamendigapolitica.com\/index.php?rest_route=%2Fwp%2Fv2%2Fcomments&post=38573"}],"version-history":[{"count":1,"href":"https:\/\/lamendigapolitica.com\/index.php?rest_route=\/wp\/v2\/posts\/38573\/revisions"}],"predecessor-version":[{"id":38575,"href":"https:\/\/lamendigapolitica.com\/index.php?rest_route=\/wp\/v2\/posts\/38573\/revisions\/38575"}],"wp:attachment":[{"href":"https:\/\/lamendigapolitica.com\/index.php?rest_route=%2Fwp%2Fv2%2Fmedia&parent=38573"}],"wp:term":[{"taxonomy":"category","embeddable":true,"href":"https:\/\/lamendigapolitica.com\/index.php?rest_route=%2Fwp%2Fv2%2Fcategories&post=38573"},{"taxonomy":"post_tag","embeddable":true,"href":"https:\/\/lamendigapolitica.com\/index.php?rest_route=%2Fwp%2Fv2%2Ftags&post=38573"}],"curies":[{"name":"wp","href":"https:\/\/api.w.org\/{rel}","templated":true}]}}