{"id":38564,"date":"2016-07-17T09:52:56","date_gmt":"2016-07-17T14:52:56","guid":{"rendered":"http:\/\/lamendigapolitica.com\/blog\/?p=38564"},"modified":"2016-07-17T09:52:56","modified_gmt":"2016-07-17T14:52:56","slug":"pf-detiene-al-cantante-gerardo-ortiz-en-el-aeropuerto-de-guadalajara","status":"publish","type":"post","link":"https:\/\/lamendigapolitica.com\/?p=38564","title":{"rendered":"PF detiene al cantante Gerardo Ortiz en el Aeropuerto de Guadalajara"},"content":{"rendered":"<p><a href=\"https:\/\/lamendigapolitica.com\/blog\/blog\/wp-content\/uploads\/2016\/07\/ortiz.jpg\" rel=\"attachment wp-att-38565\"><img loading=\"lazy\" decoding=\"async\" class=\"aligncenter  wp-image-38565\" src=\"https:\/\/lamendigapolitica.com\/blog\/blog\/wp-content\/uploads\/2016\/07\/ortiz.jpg\" alt=\"ortiz\" width=\"310\" height=\"206\" \/><\/a><\/p>\n<p>&nbsp;<\/p>\n<p>El cantante Gerardo Ortiz fue detenido en el Aeropuerto Internacional de Guadalajara por personal de la Polic\u00eda Federal durante los primeros minutos de este domingo. El cantante ya se encuentra en el reclusorio preventivo de Puente Grande, en Tonal\u00e1, Jalisco.<\/p>\n<p>&nbsp;<\/p>\n<p>Elementos de Polic\u00eda Federal dieron cumplimiento a la orden emitida por un juez penal de la entidad, luego de que el artista se presentar\u00e1 en el punto conocido como reclamo de equipaje nacional. A decir de la coordinaci\u00f3n Estatal Jalisco de la Polic\u00eda Federal el cantante proven\u00eda de Culiac\u00e1n, Sinaloa, cuando acudi\u00f3 a la referida \u00e1rea para recoger sus maletas por lo que \u00e9ste se identific\u00f3 con su pasaporte de Estados Unidos, comprob\u00e1ndose que se trataba del cantante grupero.<\/p>\n<p>&nbsp;<\/p>\n<p>Los oficiales luego de ello, verificaron sus antecedentes y entonces pudieron confirmar que efectivamente hab\u00eda una orden de aprehensi\u00f3n vigente en su contra, ya que hab\u00eda sido requerido desde el 4 de julio por el cargo de apolog\u00eda del delito. De esa manera fue entregado a personal de la Fiscal\u00eda General de Jalisco para que se procediera conforme a los protocolos y fuera llevado ante la autoridad que lo buscaba.<\/p>\n","protected":false},"excerpt":{"rendered":"<p>&nbsp; El cantante Gerardo Ortiz fue detenido en el Aeropuerto Internacional de Guadalajara por personal de la Polic\u00eda Federal durante los primeros minutos de este domingo. El cantante ya se encuentra en el reclusorio preventivo de Puente Grande, en Tonal\u00e1, Jalisco. &nbsp; Elementos de Polic\u00eda Federal dieron cumplimiento a la orden emitida por un juez &hellip; <\/p>\n<p><a class=\"more-link btn\" href=\"https:\/\/lamendigapolitica.com\/?p=38564\">Seguir leyendo<\/a><\/p>\n","protected":false},"author":1,"featured_media":0,"comment_status":"open","ping_status":"closed","sticky":false,"template":"","format":"standard","meta":{"footnotes":""},"categories":[20,3,27],"tags":[],"class_list":["post-38564","post","type-post","status-publish","format-standard","hentry","category-gobierno","category-politica","category-seguridad","item-wrap"],"_links":{"self":[{"href":"https:\/\/lamendigapolitica.com\/index.php?rest_route=\/wp\/v2\/posts\/38564","targetHints":{"allow":["GET"]}}],"collection":[{"href":"https:\/\/lamendigapolitica.com\/index.php?rest_route=\/wp\/v2\/posts"}],"about":[{"href":"https:\/\/lamendigapolitica.com\/index.php?rest_route=\/wp\/v2\/types\/post"}],"author":[{"embeddable":true,"href":"https:\/\/lamendigapolitica.com\/index.php?rest_route=\/wp\/v2\/users\/1"}],"replies":[{"embeddable":true,"href":"https:\/\/lamendigapolitica.com\/index.php?rest_route=%2Fwp%2Fv2%2Fcomments&post=38564"}],"version-history":[{"count":1,"href":"https:\/\/lamendigapolitica.com\/index.php?rest_route=\/wp\/v2\/posts\/38564\/revisions"}],"predecessor-version":[{"id":38566,"href":"https:\/\/lamendigapolitica.com\/index.php?rest_route=\/wp\/v2\/posts\/38564\/revisions\/38566"}],"wp:attachment":[{"href":"https:\/\/lamendigapolitica.com\/index.php?rest_route=%2Fwp%2Fv2%2Fmedia&parent=38564"}],"wp:term":[{"taxonomy":"category","embeddable":true,"href":"https:\/\/lamendigapolitica.com\/index.php?rest_route=%2Fwp%2Fv2%2Fcategories&post=38564"},{"taxonomy":"post_tag","embeddable":true,"href":"https:\/\/lamendigapolitica.com\/index.php?rest_route=%2Fwp%2Fv2%2Ftags&post=38564"}],"curies":[{"name":"wp","href":"https:\/\/api.w.org\/{rel}","templated":true}]}}