{"id":38555,"date":"2016-07-16T21:31:23","date_gmt":"2016-07-17T02:31:23","guid":{"rendered":"http:\/\/lamendigapolitica.com\/blog\/?p=38555"},"modified":"2016-07-16T21:31:23","modified_gmt":"2016-07-17T02:31:23","slug":"alejandra-barrales-es-elegida-lider-nacional-del-prd","status":"publish","type":"post","link":"https:\/\/lamendigapolitica.com\/?p=38555","title":{"rendered":"Alejandra Barrales es elegida l\u00edder nacional del PRD"},"content":{"rendered":"<p><a href=\"https:\/\/lamendigapolitica.com\/blog\/blog\/wp-content\/uploads\/2016\/07\/barrales.jpg\" rel=\"attachment wp-att-38556\"><img loading=\"lazy\" decoding=\"async\" class=\"aligncenter size-full wp-image-38556\" src=\"https:\/\/lamendigapolitica.com\/blog\/blog\/wp-content\/uploads\/2016\/07\/barrales.jpg\" alt=\"barrales\" width=\"281\" height=\"180\" \/><\/a><\/p>\n<p>&nbsp;<\/p>\n<p>El Consejo Nacional del PRD, tras la elecci\u00f3n, design\u00f3 a Alejandra Barrales, quien fuera Secretaria de Educaci\u00f3n P\u00fablica en la CDMX como la nueva presidenta del partido. Tras vencer en las votaciones a Pablo G\u00f3mez, Barrales culminar\u00e1 su periodo en octubre de 2017.\u00a0 Alejandra Barrales Magdaleno asumi\u00f3 este s\u00e1bado la presidencia nacional del PRD, con el ofrecimiento de trabajar para recuperar su papel como un \u201cpartido de oposici\u00f3n\u201d, con independencia y convencida de que lo que se necesita para poder sortear esta etapa dif\u00edcil es unidad.<\/p>\n<p>&nbsp;<\/p>\n<p>Pidi\u00f3 trabajar dentro del Partido de la Revoluci\u00f3n Democr\u00e1tica (PRD) \u201cpara seguir nuestra propia ruta\u201d, sin tener que salir a buscar a nadie, pues de esa manera, \u201cnos vamos a encontrar con los que est\u00e9n dispuestos, desde diferentes esfuerzos, a dar la batalla por la transformaci\u00f3n\u201d. Llam\u00f3 a reposicionar al partido en unidad \u201cy solamente as\u00ed es que podremos, en el camino, no ir a buscar a nadie, no ir a colocarnos a la cola de nadie, porque igual da\u00f1o nos hace ser la cola de cualquier izquierda, que ser la cola de cualquier derecha\u201d.<\/p>\n<p>&nbsp;<\/p>\n<p>En la reanudaci\u00f3n de la sesi\u00f3n plenaria del Consejo Nacional del PRD, en medio de un r\u00edspido debate entre corrientes internas por la posibilidad de buscar alianzas con Morena o con el Partido Acci\u00f3n Nacional (PAN) de cara a la sucesi\u00f3n presidencial de 2018, Barrales Magdaleno fue presentada como candidata por \u201cVanguardia Progresista\u201d, af\u00edn al jefe de gobierno, Miguel \u00c1ngel Mancera. Con 264 votos a favor, por encima de los 58 que obtuvo Pablo G\u00f3mez (propuesto por Foro Nuevo Sol), y dos abstenciones, Barrales Magdaleno asumi\u00f3 el cargo e insisti\u00f3 en trabajar juntos \u201cpara que podamos recuperar nuestro orgullo como perredistas\u201d.<\/p>\n<p>&nbsp;<\/p>\n<p>Reconoci\u00f3 que de cara a la elecci\u00f3n de 2018, ninguna fuerza puede alcanzar la Presidencia de la Rep\u00fablica por s\u00ed sola, \u201cpero no debemos caer en ese falso debate por las alianzas, ya est\u00e1 superado para nuestro partido\u201d. Record\u00f3 que el resolutivo Congreso Nacional perredista mandata a buscar las alianzas m\u00e1s amplias, con todas las fuerzas, excepto con el PRI, \u201cque sigue lastimando nuestro pa\u00eds, que no ha cambiado\u201d. Por ello, insisti\u00f3 en que si el PRD tiene una ruta clara, podr\u00e1 avanzar en la b\u00fasqueda de la transformaci\u00f3n y \u201cno tenemos por qu\u00e9 salir a buscar a nadie\u2026 a la gente es a la que tenemos que ir a buscar\u201d.<\/p>\n","protected":false},"excerpt":{"rendered":"<p>&nbsp; El Consejo Nacional del PRD, tras la elecci\u00f3n, design\u00f3 a Alejandra Barrales, quien fuera Secretaria de Educaci\u00f3n P\u00fablica en la CDMX como la nueva presidenta del partido. Tras vencer en las votaciones a Pablo G\u00f3mez, Barrales culminar\u00e1 su periodo en octubre de 2017.\u00a0 Alejandra Barrales Magdaleno asumi\u00f3 este s\u00e1bado la presidencia nacional del PRD, &hellip; <\/p>\n<p><a class=\"more-link btn\" href=\"https:\/\/lamendigapolitica.com\/?p=38555\">Seguir leyendo<\/a><\/p>\n","protected":false},"author":1,"featured_media":0,"comment_status":"open","ping_status":"closed","sticky":false,"template":"","format":"standard","meta":{"footnotes":""},"categories":[6,20,5,3],"tags":[],"class_list":["post-38555","post","type-post","status-publish","format-standard","hentry","category-congreso","category-gobierno","category-partidos","category-politica","item-wrap"],"_links":{"self":[{"href":"https:\/\/lamendigapolitica.com\/index.php?rest_route=\/wp\/v2\/posts\/38555","targetHints":{"allow":["GET"]}}],"collection":[{"href":"https:\/\/lamendigapolitica.com\/index.php?rest_route=\/wp\/v2\/posts"}],"about":[{"href":"https:\/\/lamendigapolitica.com\/index.php?rest_route=\/wp\/v2\/types\/post"}],"author":[{"embeddable":true,"href":"https:\/\/lamendigapolitica.com\/index.php?rest_route=\/wp\/v2\/users\/1"}],"replies":[{"embeddable":true,"href":"https:\/\/lamendigapolitica.com\/index.php?rest_route=%2Fwp%2Fv2%2Fcomments&post=38555"}],"version-history":[{"count":1,"href":"https:\/\/lamendigapolitica.com\/index.php?rest_route=\/wp\/v2\/posts\/38555\/revisions"}],"predecessor-version":[{"id":38557,"href":"https:\/\/lamendigapolitica.com\/index.php?rest_route=\/wp\/v2\/posts\/38555\/revisions\/38557"}],"wp:attachment":[{"href":"https:\/\/lamendigapolitica.com\/index.php?rest_route=%2Fwp%2Fv2%2Fmedia&parent=38555"}],"wp:term":[{"taxonomy":"category","embeddable":true,"href":"https:\/\/lamendigapolitica.com\/index.php?rest_route=%2Fwp%2Fv2%2Fcategories&post=38555"},{"taxonomy":"post_tag","embeddable":true,"href":"https:\/\/lamendigapolitica.com\/index.php?rest_route=%2Fwp%2Fv2%2Ftags&post=38555"}],"curies":[{"name":"wp","href":"https:\/\/api.w.org\/{rel}","templated":true}]}}