{"id":38546,"date":"2016-07-16T12:53:27","date_gmt":"2016-07-16T17:53:27","guid":{"rendered":"http:\/\/lamendigapolitica.com\/blog\/?p=38546"},"modified":"2016-07-16T12:53:27","modified_gmt":"2016-07-16T17:53:27","slug":"jalisco-estancado","status":"publish","type":"post","link":"https:\/\/lamendigapolitica.com\/?p=38546","title":{"rendered":"Jalisco estancado"},"content":{"rendered":"<p><a href=\"https:\/\/lamendigapolitica.com\/blog\/blog\/wp-content\/uploads\/2016\/07\/Jonadab-perfil-1.jpg\" rel=\"attachment wp-att-38547\"><img loading=\"lazy\" decoding=\"async\" class=\"alignleft size-thumbnail wp-image-38547\" src=\"https:\/\/lamendigapolitica.com\/blog\/blog\/wp-content\/uploads\/2016\/07\/Jonadab-perfil-1-150x150.jpg\" alt=\"Jonadab-perfil\" width=\"150\" height=\"150\" srcset=\"https:\/\/lamendigapolitica.com\/wp-content\/uploads\/2016\/07\/Jonadab-perfil-1-150x150.jpg 150w, https:\/\/lamendigapolitica.com\/wp-content\/uploads\/2016\/07\/Jonadab-perfil-1.jpg 300w\" sizes=\"auto, (max-width: 150px) 100vw, 150px\" \/><\/a><\/p>\n<h3><span style=\"color: #ff6600;\">POL\u00cdTICA SIN \u00c9TICA\/Jonadab Mart\u00ednez<\/span><\/h3>\n<p>Pasan los meses, las semanas y las horas, y es d\u00eda que no se ve por ning\u00fan lado la mano de la autoridad en el rubro del Transporte P\u00fablico ni del Transporte de Carga, urge esa mano pero no esa mano dura y torpe, no la mano autoritaria y fuerte, sino la mano de negociaci\u00f3n y buen trato, la mano de la cordura y concordia.<\/p>\n<p>En cuanto al Transporte P\u00fablico de pasajeros, fue gran compromiso que hizo el Gobernador Arist\u00f3teles Sandoval y no se ven resultados sobre la regulaci\u00f3n y el mejoramiento del Transporte P\u00fablico, y lo que hoy tenemos es un enredo telenovelero, Jalisco est\u00e1 entrampado y no avanza, seguimos viendo a transportistas inconformes, a usuarios inconformes y hasta a servidores p\u00fablicos inconformes.<\/p>\n<p>Se presume la Ruta-Empresa, un modelo de Transporte P\u00fablico que lo \u00fanico que requiere es que sea cumplido, un modelo que lleva a\u00f1os, que ha sido revisado y avalado por varios sectores, pero tal parece que como muchas cosas que pasan en la Secretar\u00eda de Movilidad, son omisas, lentas y no avanzan.<\/p>\n<p>Solo le quedan dos a\u00f1os de administraci\u00f3n al hoy Gobernador, y m\u00e1s all\u00e1 de ser recordado por su gesti\u00f3n de la L\u00ednea 3 del Tren Ligero, ser\u00e1 recordado por su nula acci\u00f3n a favor del Transporte P\u00fablico (camiones) porque un enorme sector, ha sido abandonado, no lo escuchan y no lo atienden.<\/p>\n<p>El Transporte P\u00fablico es el bote que patea el Gobernador cada que tiene un problema en el Estado, ha sido su carta de intercambio ante la presi\u00f3n pol\u00edtica y social, ya basta!!! La ciudadan\u00eda no quiere m\u00e1s de eso de un Gobernador, la sociedad espera resultados, hechos, mejora visible en el Transporte P\u00fablico.<\/p>\n<p>En cuanto al Transporte de Carga, han evadido el problema, se hacen de la vista gorda, aunque est\u00e1 prohibida la circulaci\u00f3n de tractocamiones en calles y avenidas de la ciudad, las 24 horas del d\u00eda se ven transitar remolques, dobles remolques, que por sus dimensiones y pesos no deber\u00edan circular por zonas urbanas, sin embargo, lo que vemos es una total impunidad por parte de la autoridad vial.<\/p>\n<p>Por citar solo un ejemplo, el centro hist\u00f3rico de Guadalajara se ha visto afectado por el constante paso vehicular, especialmente el tr\u00e1nsito de camiones pesados, del transporte p\u00fablico y de carga. Los materiales que recubren las principales arterias de la ciudad, han sufrido notable deterioro. Los baches no s\u00f3lo representan un riesgo para conductores y transe\u00fantes, sino tambi\u00e9n para peatones.<\/p>\n<p>De por s\u00ed la zona metropolitana de Guadalajara carece de v\u00edas amplias y seguras, y de carpetas asf\u00e1lticas en buenas condiciones, y a eso le echamos el sobre peso del transporte de carga, pues ser\u00e1 una historia de nunca acabar, por eso le urge a nuestra ciudad un plan de ordenamiento para el transporte de carga.<\/p>\n<p>Quer\u00e9taro ha sido el primer Estado en entrarle a regular el tr\u00e1nsito de carga pesada en las zonas urbanas, por ende, sus pisos rodantes duran mucho m\u00e1s tiempo, ya que no padecen la sobrecarga.<\/p>\n<p>A ver si aunque sea en este cierre de administraci\u00f3n se ponen las pilas, le entran de lleno a mejorar el transporte p\u00fablico y la regulaci\u00f3n del transporte de carga en zonas urbanas, de lo contrario, pues que dejen el espacio y que permitan que gente que viene empujando fuertemente, haga las cosas.<\/p>\n<p>Que alguien le diga al Gobernador lo que sucede en la Secretar\u00eda de Movilidad, que no lo enga\u00f1en, las cosas no est\u00e1n bien.<\/p>\n<h3>Diputado Federal<br \/>\n@jonadabmartinez<\/h3>\n","protected":false},"excerpt":{"rendered":"<p>POL\u00cdTICA SIN \u00c9TICA\/Jonadab Mart\u00ednez Pasan los meses, las semanas y las horas, y es d\u00eda que no se ve por ning\u00fan lado la mano de la autoridad en el rubro del Transporte P\u00fablico ni del Transporte de Carga, urge esa mano pero no esa mano dura y torpe, no la mano autoritaria y fuerte, sino &hellip; <\/p>\n<p><a class=\"more-link btn\" href=\"https:\/\/lamendigapolitica.com\/?p=38546\">Seguir leyendo<\/a><\/p>\n","protected":false},"author":1,"featured_media":0,"comment_status":"open","ping_status":"closed","sticky":false,"template":"","format":"standard","meta":{"footnotes":""},"categories":[1,6,30,20,31,5,3,27],"tags":[],"class_list":["post-38546","post","type-post","status-publish","format-standard","hentry","category-columnista","category-congreso","category-economia","category-gobierno","category-internacional","category-partidos","category-politica","category-seguridad","item-wrap"],"_links":{"self":[{"href":"https:\/\/lamendigapolitica.com\/index.php?rest_route=\/wp\/v2\/posts\/38546","targetHints":{"allow":["GET"]}}],"collection":[{"href":"https:\/\/lamendigapolitica.com\/index.php?rest_route=\/wp\/v2\/posts"}],"about":[{"href":"https:\/\/lamendigapolitica.com\/index.php?rest_route=\/wp\/v2\/types\/post"}],"author":[{"embeddable":true,"href":"https:\/\/lamendigapolitica.com\/index.php?rest_route=\/wp\/v2\/users\/1"}],"replies":[{"embeddable":true,"href":"https:\/\/lamendigapolitica.com\/index.php?rest_route=%2Fwp%2Fv2%2Fcomments&post=38546"}],"version-history":[{"count":1,"href":"https:\/\/lamendigapolitica.com\/index.php?rest_route=\/wp\/v2\/posts\/38546\/revisions"}],"predecessor-version":[{"id":38548,"href":"https:\/\/lamendigapolitica.com\/index.php?rest_route=\/wp\/v2\/posts\/38546\/revisions\/38548"}],"wp:attachment":[{"href":"https:\/\/lamendigapolitica.com\/index.php?rest_route=%2Fwp%2Fv2%2Fmedia&parent=38546"}],"wp:term":[{"taxonomy":"category","embeddable":true,"href":"https:\/\/lamendigapolitica.com\/index.php?rest_route=%2Fwp%2Fv2%2Fcategories&post=38546"},{"taxonomy":"post_tag","embeddable":true,"href":"https:\/\/lamendigapolitica.com\/index.php?rest_route=%2Fwp%2Fv2%2Ftags&post=38546"}],"curies":[{"name":"wp","href":"https:\/\/api.w.org\/{rel}","templated":true}]}}