{"id":38537,"date":"2016-07-16T09:45:23","date_gmt":"2016-07-16T14:45:23","guid":{"rendered":"http:\/\/lamendigapolitica.com\/blog\/?p=38537"},"modified":"2016-07-16T09:45:23","modified_gmt":"2016-07-16T14:45:23","slug":"prd-busca-dialogo-con-amlo","status":"publish","type":"post","link":"https:\/\/lamendigapolitica.com\/?p=38537","title":{"rendered":"PRD busca di\u00e1logo con AMLO"},"content":{"rendered":"<p><a href=\"https:\/\/lamendigapolitica.com\/blog\/blog\/wp-content\/uploads\/2016\/07\/amlo-1.jpg\" rel=\"attachment wp-att-38538\"><img loading=\"lazy\" decoding=\"async\" class=\"aligncenter  wp-image-38538\" src=\"https:\/\/lamendigapolitica.com\/blog\/blog\/wp-content\/uploads\/2016\/07\/amlo-1.jpg\" alt=\"amlo\" width=\"362\" height=\"203\" \/><\/a><\/p>\n<p>&nbsp;<\/p>\n<p>El Partido de la Revoluci\u00f3n Democr\u00e1tica (PRD) emplaz\u00f3 a Andr\u00e9s Manuel L\u00f3pez Obrador a sostener un di\u00e1logo p\u00fablico en beneficio del pa\u00eds ahora que ya mostr\u00f3 su disposici\u00f3n a un acercamiento pol\u00edtico con el sol azteca, informa hoy Excelsior.<\/p>\n<p>&nbsp;<\/p>\n<p>A 24 horas de que el m\u00e1ximo l\u00edder del Movimiento Regeneraci\u00f3n Nacional (Morena) abri\u00f3 la puerta para aliarse con el sol azteca en el proceso electoral federal de 2018, el PRD emiti\u00f3 la postura oficial y respuesta al tabasque\u00f1o mediante un documento elaborado por la Comisi\u00f3n\u00a0 de Di\u00e1logo con las Fuerzas Progresistas y de Izquierda, creada hace ya m\u00e1s de un a\u00f1o. Al celebrar el cambio de actitud de L\u00f3pez Obrador con respecto al PRD, esta comisi\u00f3n sostuvo que es necesaria la unidad de las izquierdas en beneficio del pa\u00eds para evitar que la pol\u00edtica del neoliberalismo siga prevaleciendo.<\/p>\n<p>&nbsp;<\/p>\n<p>A lo largo de dos cuartillas, la instancia perredista recalc\u00f3 que el PRD es un partido de izquierda y \u201cde oposici\u00f3n al r\u00e9gimen pol\u00edtico\u201d actual. Por ese motivo, asegur\u00f3 que no comparte la propuesta econ\u00f3mica desplegada en el pa\u00eds por el PRI y el PAN en sus gobiernos; tampoco avalan\u00a0 la\u00a0 Reforma Energ\u00e9tica y, del mismo modo, la Reforma Educativa laboral. Tras desligarse de todo v\u00ednculo con las fuerzas de derecha, la comisi\u00f3n del PRD convoc\u00f3 a la unidad de las izquierdas mediante un plan de rescate nacional.<\/p>\n<p>&nbsp;<\/p>\n<p>El plan pugna por un nuevo modelo econ\u00f3mico, una reforma profunda de las instituciones, combate frontal a las mafias del crimen organizado, un\u00a0 nuevo modelo de desarrollo social mediante la instalaci\u00f3n del ingreso b\u00e1sico ciudadano. Al final del documento, aparece el nombre de los cinco integrantes de la comisi\u00f3n confirmada por Ifigenia Mart\u00ednez, Pablo G\u00f3mez, Luis S\u00e1nchez, Leonel Godoy y Elpidio Tovar de la Cruz.<\/p>\n","protected":false},"excerpt":{"rendered":"<p>&nbsp; El Partido de la Revoluci\u00f3n Democr\u00e1tica (PRD) emplaz\u00f3 a Andr\u00e9s Manuel L\u00f3pez Obrador a sostener un di\u00e1logo p\u00fablico en beneficio del pa\u00eds ahora que ya mostr\u00f3 su disposici\u00f3n a un acercamiento pol\u00edtico con el sol azteca, informa hoy Excelsior. &nbsp; A 24 horas de que el m\u00e1ximo l\u00edder del Movimiento Regeneraci\u00f3n Nacional (Morena) abri\u00f3 &hellip; <\/p>\n<p><a class=\"more-link btn\" href=\"https:\/\/lamendigapolitica.com\/?p=38537\">Seguir leyendo<\/a><\/p>\n","protected":false},"author":1,"featured_media":0,"comment_status":"open","ping_status":"closed","sticky":false,"template":"","format":"standard","meta":{"footnotes":""},"categories":[6,20,5,3],"tags":[],"class_list":["post-38537","post","type-post","status-publish","format-standard","hentry","category-congreso","category-gobierno","category-partidos","category-politica","item-wrap"],"_links":{"self":[{"href":"https:\/\/lamendigapolitica.com\/index.php?rest_route=\/wp\/v2\/posts\/38537","targetHints":{"allow":["GET"]}}],"collection":[{"href":"https:\/\/lamendigapolitica.com\/index.php?rest_route=\/wp\/v2\/posts"}],"about":[{"href":"https:\/\/lamendigapolitica.com\/index.php?rest_route=\/wp\/v2\/types\/post"}],"author":[{"embeddable":true,"href":"https:\/\/lamendigapolitica.com\/index.php?rest_route=\/wp\/v2\/users\/1"}],"replies":[{"embeddable":true,"href":"https:\/\/lamendigapolitica.com\/index.php?rest_route=%2Fwp%2Fv2%2Fcomments&post=38537"}],"version-history":[{"count":1,"href":"https:\/\/lamendigapolitica.com\/index.php?rest_route=\/wp\/v2\/posts\/38537\/revisions"}],"predecessor-version":[{"id":38539,"href":"https:\/\/lamendigapolitica.com\/index.php?rest_route=\/wp\/v2\/posts\/38537\/revisions\/38539"}],"wp:attachment":[{"href":"https:\/\/lamendigapolitica.com\/index.php?rest_route=%2Fwp%2Fv2%2Fmedia&parent=38537"}],"wp:term":[{"taxonomy":"category","embeddable":true,"href":"https:\/\/lamendigapolitica.com\/index.php?rest_route=%2Fwp%2Fv2%2Fcategories&post=38537"},{"taxonomy":"post_tag","embeddable":true,"href":"https:\/\/lamendigapolitica.com\/index.php?rest_route=%2Fwp%2Fv2%2Ftags&post=38537"}],"curies":[{"name":"wp","href":"https:\/\/api.w.org\/{rel}","templated":true}]}}