{"id":38534,"date":"2016-07-16T09:38:04","date_gmt":"2016-07-16T14:38:04","guid":{"rendered":"http:\/\/lamendigapolitica.com\/blog\/?p=38534"},"modified":"2016-07-16T09:38:04","modified_gmt":"2016-07-16T14:38:04","slug":"estado-islamico-se-adjudica-atentado-de-niza-que-dejo-84-muertos","status":"publish","type":"post","link":"https:\/\/lamendigapolitica.com\/?p=38534","title":{"rendered":"Estado Isl\u00e1mico se adjudica atentado de Niza que dej\u00f3 84 muertos"},"content":{"rendered":"<p><a href=\"https:\/\/lamendigapolitica.com\/blog\/blog\/wp-content\/uploads\/2016\/07\/ei-1.jpg\" rel=\"attachment wp-att-38535\"><img loading=\"lazy\" decoding=\"async\" class=\"aligncenter  wp-image-38535\" src=\"https:\/\/lamendigapolitica.com\/blog\/blog\/wp-content\/uploads\/2016\/07\/ei-1.jpg\" alt=\"ei\" width=\"343\" height=\"216\" \/><\/a><\/p>\n<p>&nbsp;<\/p>\n<p>El Estado Isl\u00e1mico (EI) reivindic\u00f3 hoy a trav\u00e9s de un \u00f3rgano de propaganda la autor\u00eda del atentado del puerto sure\u00f1o de Niza, que se sald\u00f3 con un balance provisional de 84 muertos y m\u00e1s de 200 heridos. \u201cEl autor de la operaci\u00f3n (\u2026) llevada a cabo en Niza, en Francia, es un soldado del Estado Isl\u00e1mico\u201d, afirm\u00f3 el grupo yihadista a trav\u00e9s de su agencia \u201cAmaq\u201d.<\/p>\n<p>&nbsp;<\/p>\n<p>El EI afirm\u00f3 que el autor de los atentados, de nacionalidad tunecina, \u201cejecut\u00f3 la operaci\u00f3n en respuesta a los llamados lanzados para tomar como objetivo a los ciudadanos de los pa\u00edses de la coalici\u00f3n que combate el EI\u201d como Francia, entre otros. La v\u00edspera, durante los festejos en Niza por la Toma de la Bastilla, Mohamed Lahouaiej-Bouhlel -con permiso de residencia en Francia- embisti\u00f3 a centenares de personas con el cami\u00f3n que conduc\u00eda, causando la muerte a 84 personas, entre ellas diez ni\u00f1os, y m\u00e1s de 200 heridos, 52 se encuentran en estado cr\u00edtico.<\/p>\n<p>&nbsp;<\/p>\n<p>Fuentes del ministerio franc\u00e9s del Interior declararon a medios locales que el gobierno galo est\u00e1 tratando de autentificar la reivindicaci\u00f3n del atentado perpetrado la noche del 14 de julio, d\u00eda nacional de Francia.<\/p>\n<p>&nbsp;<\/p>\n<p>Analistas franceses consideraron \u201ccre\u00edble\u201d la reivindicaci\u00f3n \u201cpero no responde a las interrogantes\u201d sobre la organizaci\u00f3n del atentado, el tercero de gran amplitud que sufre Francia desde enero de 2015.<\/p>\n","protected":false},"excerpt":{"rendered":"<p>&nbsp; El Estado Isl\u00e1mico (EI) reivindic\u00f3 hoy a trav\u00e9s de un \u00f3rgano de propaganda la autor\u00eda del atentado del puerto sure\u00f1o de Niza, que se sald\u00f3 con un balance provisional de 84 muertos y m\u00e1s de 200 heridos. \u201cEl autor de la operaci\u00f3n (\u2026) llevada a cabo en Niza, en Francia, es un soldado del &hellip; <\/p>\n<p><a class=\"more-link btn\" href=\"https:\/\/lamendigapolitica.com\/?p=38534\">Seguir leyendo<\/a><\/p>\n","protected":false},"author":1,"featured_media":0,"comment_status":"open","ping_status":"closed","sticky":false,"template":"","format":"standard","meta":{"footnotes":""},"categories":[6,20,31,5,3,21,27],"tags":[],"class_list":["post-38534","post","type-post","status-publish","format-standard","hentry","category-congreso","category-gobierno","category-internacional","category-partidos","category-politica","category-religion","category-seguridad","item-wrap"],"_links":{"self":[{"href":"https:\/\/lamendigapolitica.com\/index.php?rest_route=\/wp\/v2\/posts\/38534","targetHints":{"allow":["GET"]}}],"collection":[{"href":"https:\/\/lamendigapolitica.com\/index.php?rest_route=\/wp\/v2\/posts"}],"about":[{"href":"https:\/\/lamendigapolitica.com\/index.php?rest_route=\/wp\/v2\/types\/post"}],"author":[{"embeddable":true,"href":"https:\/\/lamendigapolitica.com\/index.php?rest_route=\/wp\/v2\/users\/1"}],"replies":[{"embeddable":true,"href":"https:\/\/lamendigapolitica.com\/index.php?rest_route=%2Fwp%2Fv2%2Fcomments&post=38534"}],"version-history":[{"count":1,"href":"https:\/\/lamendigapolitica.com\/index.php?rest_route=\/wp\/v2\/posts\/38534\/revisions"}],"predecessor-version":[{"id":38536,"href":"https:\/\/lamendigapolitica.com\/index.php?rest_route=\/wp\/v2\/posts\/38534\/revisions\/38536"}],"wp:attachment":[{"href":"https:\/\/lamendigapolitica.com\/index.php?rest_route=%2Fwp%2Fv2%2Fmedia&parent=38534"}],"wp:term":[{"taxonomy":"category","embeddable":true,"href":"https:\/\/lamendigapolitica.com\/index.php?rest_route=%2Fwp%2Fv2%2Fcategories&post=38534"},{"taxonomy":"post_tag","embeddable":true,"href":"https:\/\/lamendigapolitica.com\/index.php?rest_route=%2Fwp%2Fv2%2Ftags&post=38534"}],"curies":[{"name":"wp","href":"https:\/\/api.w.org\/{rel}","templated":true}]}}