{"id":38531,"date":"2016-07-16T09:31:35","date_gmt":"2016-07-16T14:31:35","guid":{"rendered":"http:\/\/lamendigapolitica.com\/blog\/?p=38531"},"modified":"2016-07-16T09:31:35","modified_gmt":"2016-07-16T14:31:35","slug":"pocos-avances-en-la-inclusion-de-derechos-indigenas-en-america-latina","status":"publish","type":"post","link":"https:\/\/lamendigapolitica.com\/?p=38531","title":{"rendered":"Pocos avances en la inclusi\u00f3n de derechos ind\u00edgenas en Am\u00e9rica Latina"},"content":{"rendered":"<p><a href=\"https:\/\/lamendigapolitica.com\/blog\/blog\/wp-content\/uploads\/2016\/07\/indigenas.jpg\" rel=\"attachment wp-att-38532\"><img loading=\"lazy\" decoding=\"async\" class=\"aligncenter  wp-image-38532\" src=\"https:\/\/lamendigapolitica.com\/blog\/blog\/wp-content\/uploads\/2016\/07\/indigenas.jpg\" alt=\"indigenas\" width=\"360\" height=\"242\" \/><\/a><\/p>\n<p>&nbsp;<\/p>\n<p>Los gobiernos del mundo han marginado a los pueblos originarios de los planes nacionales que dise\u00f1an para alcanzar los Objetivos de Desarrollo Sostenible, acordados en septiembre pasado, denunciaron l\u00edderes ind\u00edgenas en una rueda de prensa en Naciones Unidas (ONU), los representantes ind\u00edgenas subrayaron que a\u00fan no existen mecanismos nacionales que tomen en cuenta a los pueblos aut\u00f3ctonos en los dise\u00f1os de planes de desarrollo ni tampoco datos desagregados sobre estas comunidades.<\/p>\n<p>&nbsp;<\/p>\n<p>Los Objetivos de Desarrollo Sostenible (ODS) son la serie de metas delineadas por la ONU para terminar con la pobreza extrema y con el hambre para el a\u00f1o 2030. Cada pa\u00eds, apoyado por el sistema de la ONU, est\u00e1 encargado de dise\u00f1ar sus propios planes para alcanzar estas metas. Joan Carling, miembro del Foro Ind\u00edgena Permanente para las Cuestiones Ind\u00edgenas de la ONU, asever\u00f3 que existen varios pilares que deben ser implementados por gobiernos nacionales a fin de tomar en cuenta las aportaciones de las comunidades aut\u00f3ctonas.<\/p>\n<p>&nbsp;<\/p>\n<p>Consider\u00f3 que para contrarrestar esta marginaci\u00f3n deben incluirse los derechos ind\u00edgenas en los marcos legales nacionales, as\u00ed como establecerse claros mecanismos de participaci\u00f3n en las agendas de desarrollo, y dise\u00f1arse mediciones que generen datos desagregados sobre comunidades originarias. \u201cEsta es la mayor debilidad de los ODS. Si no tienes datos desagregados no puedes hacer visible aquellos grupos hist\u00f3ricamente vulnerables o marginados. Y debe haber datos claros sobre el avance de los pueblos ind\u00edgenas en educaci\u00f3n, servicios sociales y salud\u201d, asegur\u00f3. Estos datos sobre la realidad ind\u00edgena resultan indispensables para dise\u00f1ar los programas que apunten a mejorar su situaci\u00f3n, explic\u00f3 la experta.<\/p>\n<p>&nbsp;<\/p>\n<p>Por su parte, Otilia Lux de Coti, representante del Fondo Ind\u00edgena, de Guatemala, destac\u00f3 que otro de los pilares del desarrollo de los pueblos ind\u00edgenas, las consultas previas e informadas para proyectos productivos ejecutados en sus territorios, han registrado escasos avances. Mencion\u00f3 a Bolivia como el \u00fanico pa\u00eds que ha integrado las consultas ind\u00edgenas como parte de su marco legal. Asimismo, resalt\u00f3 decisiones judiciales recientes en Costa Rica, El Salvador y Guatemala, que han revertido proyectos en territorios ind\u00edgenas planeados sin previa consulta.<\/p>\n","protected":false},"excerpt":{"rendered":"<p>&nbsp; Los gobiernos del mundo han marginado a los pueblos originarios de los planes nacionales que dise\u00f1an para alcanzar los Objetivos de Desarrollo Sostenible, acordados en septiembre pasado, denunciaron l\u00edderes ind\u00edgenas en una rueda de prensa en Naciones Unidas (ONU), los representantes ind\u00edgenas subrayaron que a\u00fan no existen mecanismos nacionales que tomen en cuenta a &hellip; <\/p>\n<p><a class=\"more-link btn\" href=\"https:\/\/lamendigapolitica.com\/?p=38531\">Seguir leyendo<\/a><\/p>\n","protected":false},"author":1,"featured_media":0,"comment_status":"open","ping_status":"closed","sticky":false,"template":"","format":"standard","meta":{"footnotes":""},"categories":[6,30,20,31,5,3,27],"tags":[],"class_list":["post-38531","post","type-post","status-publish","format-standard","hentry","category-congreso","category-economia","category-gobierno","category-internacional","category-partidos","category-politica","category-seguridad","item-wrap"],"_links":{"self":[{"href":"https:\/\/lamendigapolitica.com\/index.php?rest_route=\/wp\/v2\/posts\/38531","targetHints":{"allow":["GET"]}}],"collection":[{"href":"https:\/\/lamendigapolitica.com\/index.php?rest_route=\/wp\/v2\/posts"}],"about":[{"href":"https:\/\/lamendigapolitica.com\/index.php?rest_route=\/wp\/v2\/types\/post"}],"author":[{"embeddable":true,"href":"https:\/\/lamendigapolitica.com\/index.php?rest_route=\/wp\/v2\/users\/1"}],"replies":[{"embeddable":true,"href":"https:\/\/lamendigapolitica.com\/index.php?rest_route=%2Fwp%2Fv2%2Fcomments&post=38531"}],"version-history":[{"count":1,"href":"https:\/\/lamendigapolitica.com\/index.php?rest_route=\/wp\/v2\/posts\/38531\/revisions"}],"predecessor-version":[{"id":38533,"href":"https:\/\/lamendigapolitica.com\/index.php?rest_route=\/wp\/v2\/posts\/38531\/revisions\/38533"}],"wp:attachment":[{"href":"https:\/\/lamendigapolitica.com\/index.php?rest_route=%2Fwp%2Fv2%2Fmedia&parent=38531"}],"wp:term":[{"taxonomy":"category","embeddable":true,"href":"https:\/\/lamendigapolitica.com\/index.php?rest_route=%2Fwp%2Fv2%2Fcategories&post=38531"},{"taxonomy":"post_tag","embeddable":true,"href":"https:\/\/lamendigapolitica.com\/index.php?rest_route=%2Fwp%2Fv2%2Ftags&post=38531"}],"curies":[{"name":"wp","href":"https:\/\/api.w.org\/{rel}","templated":true}]}}