{"id":38525,"date":"2016-07-16T09:08:28","date_gmt":"2016-07-16T14:08:28","guid":{"rendered":"http:\/\/lamendigapolitica.com\/blog\/?p=38525"},"modified":"2016-07-16T09:08:28","modified_gmt":"2016-07-16T14:08:28","slug":"pena-nieto-encabeza-la-carrera-del-molino-del-rey","status":"publish","type":"post","link":"https:\/\/lamendigapolitica.com\/?p=38525","title":{"rendered":"Pe\u00f1a Nieto encabeza la carrera del Molino del Rey"},"content":{"rendered":"<p><a href=\"https:\/\/lamendigapolitica.com\/blog\/blog\/wp-content\/uploads\/2016\/07\/pe\u00f1a.jpg\" rel=\"attachment wp-att-38526\"><img loading=\"lazy\" decoding=\"async\" class=\"aligncenter  wp-image-38526\" src=\"https:\/\/lamendigapolitica.com\/blog\/blog\/wp-content\/uploads\/2016\/07\/pe\u00f1a.jpg\" alt=\"pe\u00f1a\" width=\"362\" height=\"220\" \/><\/a><\/p>\n<p>&nbsp;<\/p>\n<p>El presidente Enrique Pe\u00f1a Nieto encabeza la carrera Molino del Rey, la cual es organizada por el Estado Mayor Presidencial en el Bosque de Chapultepec.<\/p>\n<p>&nbsp;<\/p>\n<p>Al Presidente lo acompa\u00f1an su hija Paulina Pe\u00f1a, la secretaria de Relaciones Exteriores, Claudia Ru\u00edz Massieu, as\u00ed como del director del IMSS, Mikel Arriola.<\/p>\n<p>&nbsp;<\/p>\n<p>El jefe del Ejecutivo Federal est\u00e1 inscrito en la categor\u00eda de los 10 kil\u00f3metros, cuyo recorrido ser\u00e1 por el circuito de Molino del Rey.<\/p>\n","protected":false},"excerpt":{"rendered":"<p>&nbsp; El presidente Enrique Pe\u00f1a Nieto encabeza la carrera Molino del Rey, la cual es organizada por el Estado Mayor Presidencial en el Bosque de Chapultepec. &nbsp; Al Presidente lo acompa\u00f1an su hija Paulina Pe\u00f1a, la secretaria de Relaciones Exteriores, Claudia Ru\u00edz Massieu, as\u00ed como del director del IMSS, Mikel Arriola. &nbsp; El jefe del &hellip; <\/p>\n<p><a class=\"more-link btn\" href=\"https:\/\/lamendigapolitica.com\/?p=38525\">Seguir leyendo<\/a><\/p>\n","protected":false},"author":1,"featured_media":0,"comment_status":"open","ping_status":"closed","sticky":false,"template":"","format":"standard","meta":{"footnotes":""},"categories":[23,20,3,22],"tags":[],"class_list":["post-38525","post","type-post","status-publish","format-standard","hentry","category-deportes","category-gobierno","category-politica","category-sociales","item-wrap"],"_links":{"self":[{"href":"https:\/\/lamendigapolitica.com\/index.php?rest_route=\/wp\/v2\/posts\/38525","targetHints":{"allow":["GET"]}}],"collection":[{"href":"https:\/\/lamendigapolitica.com\/index.php?rest_route=\/wp\/v2\/posts"}],"about":[{"href":"https:\/\/lamendigapolitica.com\/index.php?rest_route=\/wp\/v2\/types\/post"}],"author":[{"embeddable":true,"href":"https:\/\/lamendigapolitica.com\/index.php?rest_route=\/wp\/v2\/users\/1"}],"replies":[{"embeddable":true,"href":"https:\/\/lamendigapolitica.com\/index.php?rest_route=%2Fwp%2Fv2%2Fcomments&post=38525"}],"version-history":[{"count":1,"href":"https:\/\/lamendigapolitica.com\/index.php?rest_route=\/wp\/v2\/posts\/38525\/revisions"}],"predecessor-version":[{"id":38527,"href":"https:\/\/lamendigapolitica.com\/index.php?rest_route=\/wp\/v2\/posts\/38525\/revisions\/38527"}],"wp:attachment":[{"href":"https:\/\/lamendigapolitica.com\/index.php?rest_route=%2Fwp%2Fv2%2Fmedia&parent=38525"}],"wp:term":[{"taxonomy":"category","embeddable":true,"href":"https:\/\/lamendigapolitica.com\/index.php?rest_route=%2Fwp%2Fv2%2Fcategories&post=38525"},{"taxonomy":"post_tag","embeddable":true,"href":"https:\/\/lamendigapolitica.com\/index.php?rest_route=%2Fwp%2Fv2%2Ftags&post=38525"}],"curies":[{"name":"wp","href":"https:\/\/api.w.org\/{rel}","templated":true}]}}