{"id":38500,"date":"2016-07-15T09:40:25","date_gmt":"2016-07-15T14:40:25","guid":{"rendered":"http:\/\/lamendigapolitica.com\/blog\/?p=38500"},"modified":"2016-07-15T09:40:25","modified_gmt":"2016-07-15T14:40:25","slug":"chocan-fuerzas-politicas-por-ajustes-a-reforma-educaiva","status":"publish","type":"post","link":"https:\/\/lamendigapolitica.com\/?p=38500","title":{"rendered":"Chocan fuerzas pol\u00edticas por ajustes a reforma educaiva"},"content":{"rendered":"<p><a href=\"https:\/\/lamendigapolitica.com\/blog\/blog\/wp-content\/uploads\/2016\/07\/reforma.jpg\" rel=\"attachment wp-att-38501\"><img loading=\"lazy\" decoding=\"async\" class=\"aligncenter  wp-image-38501\" src=\"https:\/\/lamendigapolitica.com\/blog\/blog\/wp-content\/uploads\/2016\/07\/reforma.jpg\" alt=\"reforma\" width=\"379\" height=\"284\" \/><\/a><\/p>\n<p>&nbsp;<\/p>\n<p>Las tres principales fuerzas (PRI, PAN y PRD) chocaron en la C\u00e1mara de Diputados respecto a si debe o no ajustarse reciente reforma educativa a fin de atender las demandas del magisterio y distender el conflicto a escala nacional.<\/p>\n<p>&nbsp;<\/p>\n<p>El coordinador del PRI, C\u00e9sar Camacho, adelant\u00f3 que su bancada est\u00e1 \u201cfirme\u201d en no reformar la Constituci\u00f3n ni las leyes secundarias en materia educativa, ya que la normatividad actual \u2013dijo- permiten a la autoridad educativa para realizar ajustes administrativos y de pol\u00edticas p\u00fablicas. \u201cEstamos en la decisi\u00f3n firme de no pensar en ning\u00fan cambio a la ley ni a la Constituci\u00f3n\u2026 no s\u00f3lo no es necesario, no hay posibilidad de hacer ning\u00fan cambio, ninguno. Ninguna reforma a la reforma\u201d, coment\u00f3 en relaci\u00f3n a la exigencia que mantiene la CNTE.<\/p>\n<p>&nbsp;<\/p>\n<p>Por su parte, el coordinador del PRD, Francisco Mart\u00ednez Neri, retir\u00f3 la iniciativa que present\u00f3 el mi\u00e9rcoles durante la sesi\u00f3n de la Comisi\u00f3n Permanente a fin de que la bancada en bloque afine un nuevo proyecto sobre el tema y para dar tiempo en la construcci\u00f3n de los consensos. La secretaria general encargada del despacho de la presidencia nacional del PRD, Beatriz Mojica, inform\u00f3 el mi\u00e9rcoles que desde el punto de vista de su partido cualquier ley es \u201cperfectible\u201d y se pronunci\u00f3 porque los legisladores del sol azteca atiendan a trav\u00e9s de una iniciativa las demandas del magisterio disidente.<\/p>\n<p>&nbsp;<\/p>\n<p>El coordinador del PAN, diputado Marko Cort\u00e9s, tambi\u00e9n rechaz\u00f3 modificar la normatividad vigente porque hay \u201cuna buena ley que, lamentablemente, ha estado en las manos equivocadas\u201d.<\/p>\n","protected":false},"excerpt":{"rendered":"<p>&nbsp; Las tres principales fuerzas (PRI, PAN y PRD) chocaron en la C\u00e1mara de Diputados respecto a si debe o no ajustarse reciente reforma educativa a fin de atender las demandas del magisterio y distender el conflicto a escala nacional. &nbsp; El coordinador del PRI, C\u00e9sar Camacho, adelant\u00f3 que su bancada est\u00e1 \u201cfirme\u201d en no &hellip; <\/p>\n<p><a class=\"more-link btn\" href=\"https:\/\/lamendigapolitica.com\/?p=38500\">Seguir leyendo<\/a><\/p>\n","protected":false},"author":1,"featured_media":0,"comment_status":"open","ping_status":"closed","sticky":false,"template":"","format":"standard","meta":{"footnotes":""},"categories":[6,28,20,5,3],"tags":[],"class_list":["post-38500","post","type-post","status-publish","format-standard","hentry","category-congreso","category-educacion","category-gobierno","category-partidos","category-politica","item-wrap"],"_links":{"self":[{"href":"https:\/\/lamendigapolitica.com\/index.php?rest_route=\/wp\/v2\/posts\/38500","targetHints":{"allow":["GET"]}}],"collection":[{"href":"https:\/\/lamendigapolitica.com\/index.php?rest_route=\/wp\/v2\/posts"}],"about":[{"href":"https:\/\/lamendigapolitica.com\/index.php?rest_route=\/wp\/v2\/types\/post"}],"author":[{"embeddable":true,"href":"https:\/\/lamendigapolitica.com\/index.php?rest_route=\/wp\/v2\/users\/1"}],"replies":[{"embeddable":true,"href":"https:\/\/lamendigapolitica.com\/index.php?rest_route=%2Fwp%2Fv2%2Fcomments&post=38500"}],"version-history":[{"count":1,"href":"https:\/\/lamendigapolitica.com\/index.php?rest_route=\/wp\/v2\/posts\/38500\/revisions"}],"predecessor-version":[{"id":38502,"href":"https:\/\/lamendigapolitica.com\/index.php?rest_route=\/wp\/v2\/posts\/38500\/revisions\/38502"}],"wp:attachment":[{"href":"https:\/\/lamendigapolitica.com\/index.php?rest_route=%2Fwp%2Fv2%2Fmedia&parent=38500"}],"wp:term":[{"taxonomy":"category","embeddable":true,"href":"https:\/\/lamendigapolitica.com\/index.php?rest_route=%2Fwp%2Fv2%2Fcategories&post=38500"},{"taxonomy":"post_tag","embeddable":true,"href":"https:\/\/lamendigapolitica.com\/index.php?rest_route=%2Fwp%2Fv2%2Ftags&post=38500"}],"curies":[{"name":"wp","href":"https:\/\/api.w.org\/{rel}","templated":true}]}}