{"id":38494,"date":"2016-07-15T09:28:43","date_gmt":"2016-07-15T14:28:43","guid":{"rendered":"http:\/\/lamendigapolitica.com\/blog\/?p=38494"},"modified":"2016-07-15T09:28:43","modified_gmt":"2016-07-15T14:28:43","slug":"la-cnte-disfrutara-de-beneficios-pese-al-rechazo","status":"publish","type":"post","link":"https:\/\/lamendigapolitica.com\/?p=38494","title":{"rendered":"La CNTE disfrutar\u00e1 de beneficios, pese al rechazo"},"content":{"rendered":"<p><a href=\"https:\/\/lamendigapolitica.com\/blog\/blog\/wp-content\/uploads\/2016\/07\/cnte-2.jpg\" rel=\"attachment wp-att-38495\"><img loading=\"lazy\" decoding=\"async\" class=\"aligncenter  wp-image-38495\" src=\"https:\/\/lamendigapolitica.com\/blog\/blog\/wp-content\/uploads\/2016\/07\/cnte-2.jpg\" alt=\"cnte\" width=\"355\" height=\"216\" \/><\/a><\/p>\n<p>&nbsp;<\/p>\n<p>A pesar de desconocer al Sindicato Nacional de Trabajadores de la Educaci\u00f3n como interlocutor ante el Gobierno, los maestros afines a la Coordinadora (CNTE) se ver\u00e1n beneficiados con los acuerdos firmados por la Secretar\u00eda de Educaci\u00f3n P\u00fablica, explicaron acad\u00e9micos en educaci\u00f3n y ciencia pol\u00edtica.<\/p>\n<p>&nbsp;<\/p>\n<p>El mi\u00e9rcoles pasado la SEP y el SNTE anunciaron que entre los puntos de acuerdo al pliego petitorio del magisterio institucional est\u00e1 el incremento de 3.5% de los beneficios econ\u00f3micos de la Carrera Magisterial, adem\u00e1s de la apertura de foros nacionales para el nuevo modelo educativo.<\/p>\n<p>&nbsp;<\/p>\n<p>\u201cBeneficia a todos los maestros inscritos en Carrera Magisterial. Pero hay que recordar que fue un mal momento en el que se anunci\u00f3 que ya no se iban a incrementar los est\u00edmulos de Carrera Magisterial conforme al salario, y eran los c\u00e1lculos que se hab\u00edan hecho. Juan D\u00edaz firm\u00f3 eso el 15 de mayo, ahora ya se le olvid\u00f3, pero es parte de este convenio que acaban de firmar\u201d, dijo Carlos Ornelas, acad\u00e9mico especialista en temas de educaci\u00f3n de la Universidad Aut\u00f3noma Metropolitana.<\/p>\n<p>&nbsp;<\/p>\n<p>Por su parte, Jos\u00e9 Fern\u00e1ndez Santill\u00e1n, profesor investigador del Tecnol\u00f3gico de Monterrey, coincidi\u00f3 en que la CNTE deber\u00eda de salir beneficiada, pero no lo puede admitir, ya que eso ser\u00eda negar sus principios y su objetivo principal que es la abrogaci\u00f3n de la reforma educativa. \u201cEst\u00e1n haciendo negociaciones paralelas a trav\u00e9s de la organizaci\u00f3n sindical, el punto fundamental para la CNTE es la abrogaci\u00f3n de la reforma, y eso nunca lo va a aceptar el gobierno, por eso la diferencia\u201d, coment\u00f3.<\/p>\n<p>&nbsp;<\/p>\n<p>Otro de los puntos de este acuerdo es que en un plazo de 45 a partir del mi\u00e9rcoles pasado, se har\u00e1 la revisi\u00f3n de la evaluaci\u00f3n magisterial, esto para que su pr\u00f3xima aplicaci\u00f3n programada para noviembre se haga de mejor manera.<\/p>\n","protected":false},"excerpt":{"rendered":"<p>&nbsp; A pesar de desconocer al Sindicato Nacional de Trabajadores de la Educaci\u00f3n como interlocutor ante el Gobierno, los maestros afines a la Coordinadora (CNTE) se ver\u00e1n beneficiados con los acuerdos firmados por la Secretar\u00eda de Educaci\u00f3n P\u00fablica, explicaron acad\u00e9micos en educaci\u00f3n y ciencia pol\u00edtica. &nbsp; El mi\u00e9rcoles pasado la SEP y el SNTE anunciaron &hellip; <\/p>\n<p><a class=\"more-link btn\" href=\"https:\/\/lamendigapolitica.com\/?p=38494\">Seguir leyendo<\/a><\/p>\n","protected":false},"author":1,"featured_media":0,"comment_status":"open","ping_status":"closed","sticky":false,"template":"","format":"standard","meta":{"footnotes":""},"categories":[6,28,20,5,3],"tags":[],"class_list":["post-38494","post","type-post","status-publish","format-standard","hentry","category-congreso","category-educacion","category-gobierno","category-partidos","category-politica","item-wrap"],"_links":{"self":[{"href":"https:\/\/lamendigapolitica.com\/index.php?rest_route=\/wp\/v2\/posts\/38494","targetHints":{"allow":["GET"]}}],"collection":[{"href":"https:\/\/lamendigapolitica.com\/index.php?rest_route=\/wp\/v2\/posts"}],"about":[{"href":"https:\/\/lamendigapolitica.com\/index.php?rest_route=\/wp\/v2\/types\/post"}],"author":[{"embeddable":true,"href":"https:\/\/lamendigapolitica.com\/index.php?rest_route=\/wp\/v2\/users\/1"}],"replies":[{"embeddable":true,"href":"https:\/\/lamendigapolitica.com\/index.php?rest_route=%2Fwp%2Fv2%2Fcomments&post=38494"}],"version-history":[{"count":1,"href":"https:\/\/lamendigapolitica.com\/index.php?rest_route=\/wp\/v2\/posts\/38494\/revisions"}],"predecessor-version":[{"id":38496,"href":"https:\/\/lamendigapolitica.com\/index.php?rest_route=\/wp\/v2\/posts\/38494\/revisions\/38496"}],"wp:attachment":[{"href":"https:\/\/lamendigapolitica.com\/index.php?rest_route=%2Fwp%2Fv2%2Fmedia&parent=38494"}],"wp:term":[{"taxonomy":"category","embeddable":true,"href":"https:\/\/lamendigapolitica.com\/index.php?rest_route=%2Fwp%2Fv2%2Fcategories&post=38494"},{"taxonomy":"post_tag","embeddable":true,"href":"https:\/\/lamendigapolitica.com\/index.php?rest_route=%2Fwp%2Fv2%2Ftags&post=38494"}],"curies":[{"name":"wp","href":"https:\/\/api.w.org\/{rel}","templated":true}]}}