{"id":38491,"date":"2016-07-15T09:21:44","date_gmt":"2016-07-15T14:21:44","guid":{"rendered":"http:\/\/lamendigapolitica.com\/blog\/?p=38491"},"modified":"2016-07-15T09:21:44","modified_gmt":"2016-07-15T14:21:44","slug":"un-repartidor-con-problemas-autor-de-matanza-en-niza","status":"publish","type":"post","link":"https:\/\/lamendigapolitica.com\/?p=38491","title":{"rendered":"Un repartidor con problemas, autor de matanza en Niza"},"content":{"rendered":"<p><a href=\"https:\/\/lamendigapolitica.com\/blog\/blog\/wp-content\/uploads\/2016\/07\/Un-repartidor.jpg\" rel=\"attachment wp-att-38492\"><img loading=\"lazy\" decoding=\"async\" class=\"aligncenter  wp-image-38492\" src=\"https:\/\/lamendigapolitica.com\/blog\/blog\/wp-content\/uploads\/2016\/07\/Un-repartidor.jpg\" alt=\"Un repartidor\" width=\"356\" height=\"237\" \/><\/a><\/p>\n<p>&nbsp;<\/p>\n<p>El autor de la matanza de Niza es un tunecino de 31 a\u00f1os que ha sido identificado como Mohamed Lahouaiej Bouhlel y que trabajaba como repartidor en esa localidad del sur franc\u00e9s, seg\u00fan el diario local Nice Matin. La polic\u00eda francesa pudo identificarle por sus huellas dactilares y su apartamento en el barrio de Niza Norte est\u00e1 siendo registrado por la polic\u00eda.<\/p>\n<p>&nbsp;<\/p>\n<p>Los medios franceses apuntan que el atacante, que arroll\u00f3 anoche con un cami\u00f3n a la multitud causando al menos 84 muertos y m\u00e1s de 120 heridos, ten\u00eda s\u00f3lo nacionalidad tunecina y un permiso de residencia para habitar en Francia. El presunto terrorista ten\u00eda antecedentes policiales por actos de violencia y violencia de g\u00e9nero, aunque no estaba en el radar de los servicios antiterroristas. Seg\u00fan dijeron vecinos de su barrio al canal BFM TV, el hombre se hallaba en tr\u00e1mites de divorcio y ten\u00eda problemas con su familia en T\u00fanez, al parecer originaria de Susa, donde hace un a\u00f1o murieron 38 turistas en un atentado en las playas de dos hoteles.<\/p>\n<p>&nbsp;<\/p>\n<p>Los vecinos aseguraron que el hombre hab\u00eda comenzado el ramad\u00e1n pero no lo hab\u00eda terminado, que era una persona a la que le gustaba salir a bailar y las mujeres, y que hace solo 15 d\u00edas hab\u00eda sido colocado bajo control judicial por una infracci\u00f3n viaria, presuntamente por haberse quedado dormido al volante. Tambi\u00e9n se\u00f1alaron que ten\u00eda permiso de conducir veh\u00edculos pesados desde hac\u00eda poco y que sufr\u00eda dificultades financieras. El hombre ten\u00eda en su poder un arma corta de calibre 7.65 que utiliz\u00f3 antes de ser abatido por la polic\u00eda, adem\u00e1s de varias armas largas y una granada de mano, que resultaron ser falsas.<\/p>\n<p>&nbsp;<\/p>\n<p>Muchos ni\u00f1os y extranjeros entre v\u00edctimas<\/p>\n<p>El presidente franc\u00e9s, Fran\u00e7ois Hollande, lleg\u00f3 hoy a Niza donde visit\u00f3 a las v\u00edctimas del atentado terrorista ocurrido el jueves por la noche, el cual dej\u00f3 al menos 84 muertos, en su mayor\u00eda ni\u00f1os. Al concluir su visita a los heridos en el Hospital Pasteur, el mandatario franc\u00e9s ofreci\u00f3 un mensaje a medios en el cual apunt\u00f3 que que hay \u201cmuchos ni\u00f1os, ni\u00f1os peque\u00f1os\u201d entre las v\u00edctimas del atentado de anoche en Niza, as\u00ed como un gran n\u00famero de \u201cextranjeros de muchos continentes\u201d.<\/p>\n","protected":false},"excerpt":{"rendered":"<p>&nbsp; El autor de la matanza de Niza es un tunecino de 31 a\u00f1os que ha sido identificado como Mohamed Lahouaiej Bouhlel y que trabajaba como repartidor en esa localidad del sur franc\u00e9s, seg\u00fan el diario local Nice Matin. La polic\u00eda francesa pudo identificarle por sus huellas dactilares y su apartamento en el barrio de &hellip; <\/p>\n<p><a class=\"more-link btn\" href=\"https:\/\/lamendigapolitica.com\/?p=38491\">Seguir leyendo<\/a><\/p>\n","protected":false},"author":1,"featured_media":0,"comment_status":"open","ping_status":"closed","sticky":false,"template":"","format":"standard","meta":{"footnotes":""},"categories":[20,31,3,27],"tags":[],"class_list":["post-38491","post","type-post","status-publish","format-standard","hentry","category-gobierno","category-internacional","category-politica","category-seguridad","item-wrap"],"_links":{"self":[{"href":"https:\/\/lamendigapolitica.com\/index.php?rest_route=\/wp\/v2\/posts\/38491","targetHints":{"allow":["GET"]}}],"collection":[{"href":"https:\/\/lamendigapolitica.com\/index.php?rest_route=\/wp\/v2\/posts"}],"about":[{"href":"https:\/\/lamendigapolitica.com\/index.php?rest_route=\/wp\/v2\/types\/post"}],"author":[{"embeddable":true,"href":"https:\/\/lamendigapolitica.com\/index.php?rest_route=\/wp\/v2\/users\/1"}],"replies":[{"embeddable":true,"href":"https:\/\/lamendigapolitica.com\/index.php?rest_route=%2Fwp%2Fv2%2Fcomments&post=38491"}],"version-history":[{"count":1,"href":"https:\/\/lamendigapolitica.com\/index.php?rest_route=\/wp\/v2\/posts\/38491\/revisions"}],"predecessor-version":[{"id":38493,"href":"https:\/\/lamendigapolitica.com\/index.php?rest_route=\/wp\/v2\/posts\/38491\/revisions\/38493"}],"wp:attachment":[{"href":"https:\/\/lamendigapolitica.com\/index.php?rest_route=%2Fwp%2Fv2%2Fmedia&parent=38491"}],"wp:term":[{"taxonomy":"category","embeddable":true,"href":"https:\/\/lamendigapolitica.com\/index.php?rest_route=%2Fwp%2Fv2%2Fcategories&post=38491"},{"taxonomy":"post_tag","embeddable":true,"href":"https:\/\/lamendigapolitica.com\/index.php?rest_route=%2Fwp%2Fv2%2Ftags&post=38491"}],"curies":[{"name":"wp","href":"https:\/\/api.w.org\/{rel}","templated":true}]}}