{"id":38488,"date":"2016-07-14T23:42:08","date_gmt":"2016-07-15T04:42:08","guid":{"rendered":"http:\/\/lamendigapolitica.com\/blog\/?p=38488"},"modified":"2016-07-14T23:42:08","modified_gmt":"2016-07-15T04:42:08","slug":"no-mexicanos-entre-victimas-en-niza","status":"publish","type":"post","link":"https:\/\/lamendigapolitica.com\/?p=38488","title":{"rendered":"No mexicanos entre v\u00edctimas en Niza"},"content":{"rendered":"<p><a href=\"https:\/\/lamendigapolitica.com\/blog\/blog\/wp-content\/uploads\/2016\/07\/mexicanos.jpg\" rel=\"attachment wp-att-38489\"><img loading=\"lazy\" decoding=\"async\" class=\"aligncenter  wp-image-38489\" src=\"https:\/\/lamendigapolitica.com\/blog\/blog\/wp-content\/uploads\/2016\/07\/mexicanos.jpg\" alt=\"mexicanos\" width=\"372\" height=\"209\" \/><\/a><\/p>\n<p>&nbsp;<\/p>\n<p>Hasta el momento no se tienen reportes de mexicanos heridos o fallecidos en el atentado de Niza en Francia inform\u00f3 \u00a0la Secretar\u00eda de Relaciones Exteriores (SRE) \u201cSe hace del conocimiento que los mexicanos en el \u00e1rea de Niza que requieran asistencia, se pueden comunicar a los siguientes n\u00fameros y cuentas de correos: Consulado de M\u00e9xico en Par\u00eds \u2013 Emergencias Guardias: 0613535574 y\u00a0 0142865642\/0142865625\u201d, dice el comunicado de la Canciller\u00eda.<\/p>\n<p>&nbsp;<\/p>\n<p>Asimismo el Gobierno federal, por medio de la Secretar\u00eda de Relaciones Exteriores deplora el acto de violencia ocurrido en Niza, en el d\u00eda de su fiesta nacional, el cual ocasion\u00f3 m\u00e1s de setenta muertos y decenas de heridos. Mientras que \u00a0la titular de la SRE, Claudia Ruiz Massieu, conden\u00f3 a trav\u00e9s de su cuenta de Twiiter en\u00e9rgicamente los actos violentos ocurridos en Niza, Francia.<\/p>\n<p>&nbsp;<\/p>\n<p>Por su parte, la Embajada de M\u00e9xico en Francia dio a conocer el n\u00famero telef\u00f3nico para brindar asistencia a los connacionales en ese pa\u00eds europeo, luego del atentado en Niza donde decenas de personas perdieron atropelladas por un cami\u00f3n de carga.<\/p>\n","protected":false},"excerpt":{"rendered":"<p>&nbsp; Hasta el momento no se tienen reportes de mexicanos heridos o fallecidos en el atentado de Niza en Francia inform\u00f3 \u00a0la Secretar\u00eda de Relaciones Exteriores (SRE) \u201cSe hace del conocimiento que los mexicanos en el \u00e1rea de Niza que requieran asistencia, se pueden comunicar a los siguientes n\u00fameros y cuentas de correos: Consulado de &hellip; <\/p>\n<p><a class=\"more-link btn\" href=\"https:\/\/lamendigapolitica.com\/?p=38488\">Seguir leyendo<\/a><\/p>\n","protected":false},"author":1,"featured_media":0,"comment_status":"open","ping_status":"closed","sticky":false,"template":"","format":"standard","meta":{"footnotes":""},"categories":[20,31,3,27],"tags":[],"class_list":["post-38488","post","type-post","status-publish","format-standard","hentry","category-gobierno","category-internacional","category-politica","category-seguridad","item-wrap"],"_links":{"self":[{"href":"https:\/\/lamendigapolitica.com\/index.php?rest_route=\/wp\/v2\/posts\/38488","targetHints":{"allow":["GET"]}}],"collection":[{"href":"https:\/\/lamendigapolitica.com\/index.php?rest_route=\/wp\/v2\/posts"}],"about":[{"href":"https:\/\/lamendigapolitica.com\/index.php?rest_route=\/wp\/v2\/types\/post"}],"author":[{"embeddable":true,"href":"https:\/\/lamendigapolitica.com\/index.php?rest_route=\/wp\/v2\/users\/1"}],"replies":[{"embeddable":true,"href":"https:\/\/lamendigapolitica.com\/index.php?rest_route=%2Fwp%2Fv2%2Fcomments&post=38488"}],"version-history":[{"count":1,"href":"https:\/\/lamendigapolitica.com\/index.php?rest_route=\/wp\/v2\/posts\/38488\/revisions"}],"predecessor-version":[{"id":38490,"href":"https:\/\/lamendigapolitica.com\/index.php?rest_route=\/wp\/v2\/posts\/38488\/revisions\/38490"}],"wp:attachment":[{"href":"https:\/\/lamendigapolitica.com\/index.php?rest_route=%2Fwp%2Fv2%2Fmedia&parent=38488"}],"wp:term":[{"taxonomy":"category","embeddable":true,"href":"https:\/\/lamendigapolitica.com\/index.php?rest_route=%2Fwp%2Fv2%2Fcategories&post=38488"},{"taxonomy":"post_tag","embeddable":true,"href":"https:\/\/lamendigapolitica.com\/index.php?rest_route=%2Fwp%2Fv2%2Ftags&post=38488"}],"curies":[{"name":"wp","href":"https:\/\/api.w.org\/{rel}","templated":true}]}}