{"id":38485,"date":"2016-07-14T23:35:24","date_gmt":"2016-07-15T04:35:24","guid":{"rendered":"http:\/\/lamendigapolitica.com\/blog\/?p=38485"},"modified":"2016-07-14T23:35:24","modified_gmt":"2016-07-15T04:35:24","slug":"mucha-confusion-narra-sobreviviente-mexicana-de-atentado-en-niza","status":"publish","type":"post","link":"https:\/\/lamendigapolitica.com\/?p=38485","title":{"rendered":"\u201cMucha confusi\u00f3n\u201d, narra sobreviviente mexicana de atentado en Niza"},"content":{"rendered":"<p><a href=\"https:\/\/lamendigapolitica.com\/blog\/blog\/wp-content\/uploads\/2016\/07\/niza-2.jpg\" rel=\"attachment wp-att-38486\"><img loading=\"lazy\" decoding=\"async\" class=\"aligncenter  wp-image-38486\" src=\"https:\/\/lamendigapolitica.com\/blog\/blog\/wp-content\/uploads\/2016\/07\/niza-2.jpg\" alt=\"niza 2\" width=\"358\" height=\"201\" \/><\/a><\/p>\n<p>&nbsp;<\/p>\n<p>Gabriela L\u00f3pez, mexicana en Niza, Francia relat\u00f3 el momento en que un cami\u00f3n embisti\u00f3 a una multitud reunida para ver el espect\u00e1culo de fuegos artificiales del D\u00eda de la Bastilla, \u201cSe escucharon muchos gritos de personas y vi un cami\u00f3n a toda velocidad que dejaba a su paso a gente en el suelo\u201d, describi\u00f3 para FOROtv<\/p>\n<p>&nbsp;<\/p>\n<p>Gabriela iba acompa\u00f1ada de su hermana y decidieron orillarse a una barda que las condujo a la playa, \u201cNos quedamos parados en la playa porque no sab\u00edamos si el conductor se aproximar\u00eda hacia nosotros y fue cuando decidimos avanzar a pie por la costera hasta al hotel en que nos hospedamos, localizado a tres kil\u00f3metros donde ocurri\u00f3 el atentado\u201d, re\u00f1ala.<\/p>\n<p>&nbsp;<\/p>\n<p>La fiesta nacional de Francia se ti\u00f1\u00f3 de sangre y un ambiente de p\u00e1nico. Gabriela tambi\u00e9n record\u00f3 c\u00f3mo los autos se detuvieron para permitir el paso de las ambulancias. \u201cExist\u00eda mucha confusi\u00f3n. No comprend\u00edamos hasta d\u00f3nde se dirigi\u00f3 el veh\u00edculo que conmocion\u00f3 a quienes est\u00e1bamos ah\u00ed en la celebraci\u00f3n del 14 de julio\u201d.<\/p>\n<p>&nbsp;<\/p>\n<p>El ambiente era de temor hab\u00eda param\u00e9dicos que daban reanimaci\u00f3n a las v\u00edctimas y a quienes padec\u00edan ataques de p\u00e1nico.<\/p>\n","protected":false},"excerpt":{"rendered":"<p>&nbsp; Gabriela L\u00f3pez, mexicana en Niza, Francia relat\u00f3 el momento en que un cami\u00f3n embisti\u00f3 a una multitud reunida para ver el espect\u00e1culo de fuegos artificiales del D\u00eda de la Bastilla, \u201cSe escucharon muchos gritos de personas y vi un cami\u00f3n a toda velocidad que dejaba a su paso a gente en el suelo\u201d, describi\u00f3 &hellip; <\/p>\n<p><a class=\"more-link btn\" href=\"https:\/\/lamendigapolitica.com\/?p=38485\">Seguir leyendo<\/a><\/p>\n","protected":false},"author":1,"featured_media":0,"comment_status":"open","ping_status":"closed","sticky":false,"template":"","format":"standard","meta":{"footnotes":""},"categories":[20,31,3,27],"tags":[],"class_list":["post-38485","post","type-post","status-publish","format-standard","hentry","category-gobierno","category-internacional","category-politica","category-seguridad","item-wrap"],"_links":{"self":[{"href":"https:\/\/lamendigapolitica.com\/index.php?rest_route=\/wp\/v2\/posts\/38485","targetHints":{"allow":["GET"]}}],"collection":[{"href":"https:\/\/lamendigapolitica.com\/index.php?rest_route=\/wp\/v2\/posts"}],"about":[{"href":"https:\/\/lamendigapolitica.com\/index.php?rest_route=\/wp\/v2\/types\/post"}],"author":[{"embeddable":true,"href":"https:\/\/lamendigapolitica.com\/index.php?rest_route=\/wp\/v2\/users\/1"}],"replies":[{"embeddable":true,"href":"https:\/\/lamendigapolitica.com\/index.php?rest_route=%2Fwp%2Fv2%2Fcomments&post=38485"}],"version-history":[{"count":1,"href":"https:\/\/lamendigapolitica.com\/index.php?rest_route=\/wp\/v2\/posts\/38485\/revisions"}],"predecessor-version":[{"id":38487,"href":"https:\/\/lamendigapolitica.com\/index.php?rest_route=\/wp\/v2\/posts\/38485\/revisions\/38487"}],"wp:attachment":[{"href":"https:\/\/lamendigapolitica.com\/index.php?rest_route=%2Fwp%2Fv2%2Fmedia&parent=38485"}],"wp:term":[{"taxonomy":"category","embeddable":true,"href":"https:\/\/lamendigapolitica.com\/index.php?rest_route=%2Fwp%2Fv2%2Fcategories&post=38485"},{"taxonomy":"post_tag","embeddable":true,"href":"https:\/\/lamendigapolitica.com\/index.php?rest_route=%2Fwp%2Fv2%2Ftags&post=38485"}],"curies":[{"name":"wp","href":"https:\/\/api.w.org\/{rel}","templated":true}]}}