{"id":38482,"date":"2016-07-14T23:32:17","date_gmt":"2016-07-15T04:32:17","guid":{"rendered":"http:\/\/lamendigapolitica.com\/blog\/?p=38482"},"modified":"2016-07-14T23:32:17","modified_gmt":"2016-07-15T04:32:17","slug":"atentado-en-niza-el-segundo-mas-sangriento-en-francia","status":"publish","type":"post","link":"https:\/\/lamendigapolitica.com\/?p=38482","title":{"rendered":"Atentado en Niza, el segundo m\u00e1s sangriento en Francia"},"content":{"rendered":"<p><a href=\"https:\/\/lamendigapolitica.com\/blog\/blog\/wp-content\/uploads\/2016\/07\/niza.jpg\" rel=\"attachment wp-att-38483\"><img loading=\"lazy\" decoding=\"async\" class=\"aligncenter  wp-image-38483\" src=\"https:\/\/lamendigapolitica.com\/blog\/blog\/wp-content\/uploads\/2016\/07\/niza.jpg\" alt=\"niza\" width=\"371\" height=\"208\" \/><\/a><\/p>\n<p>&nbsp;<\/p>\n<p>Al menos 80 muertos y un centenar de heridos, 18 de ellas en estado cr\u00edtico, dej\u00f3 la medianoche del jueves un atentado terrorista en Niza, cuando un cami\u00f3n arremeti\u00f3 contra una multitud que presenciaba los fuegos artificiales de la fiesta nacional del 14 de julio, seg\u00fan los \u00faltimos datos facilitados por la autoridades francesas.<\/p>\n<p>&nbsp;<\/p>\n<p>El cami\u00f3n embisti\u00f3 a la multitud en el Paseo de los Ingleses en el centro de la ciudad, indic\u00f3 el peri\u00f3dico franc\u00e9s Nice Matin, que cit\u00f3 a uno de sus reporteros que estaba en el lugar. Un pol\u00edtico de Niza, Christian Estrosi, dijo en Twitter que la embestida del cami\u00f3n \u00abparece haber matado a decenas de personas\u00bb.<\/p>\n<p>&nbsp;<\/p>\n<p>BFM TV asegur\u00f3 que la prefectura local de Niza estaba tratando el incidente como un ataque y le ped\u00eda a las personas que no salieran de sus hogares. En Twitter la gente empez\u00f3 a utilizar el hashtag #PortesOuvertesNice para ayudar a la gente que busca refugio.<\/p>\n<p>&nbsp;<\/p>\n<p>Momentos antes el presidente franc\u00e9s, Fran\u00e7ois Hollande, confirm\u00f3 que el estado de emergencia decretado tras los atentados yihadistas del 13 de noviembre de 2015 en Par\u00eds no se prolongar\u00e1 m\u00e1s all\u00e1 del 26 de julio y que se reducir\u00e1 el despliegue de militares de la misi\u00f3n antiterrorista dentro de Francia.<\/p>\n<p>&nbsp;<\/p>\n","protected":false},"excerpt":{"rendered":"<p>&nbsp; Al menos 80 muertos y un centenar de heridos, 18 de ellas en estado cr\u00edtico, dej\u00f3 la medianoche del jueves un atentado terrorista en Niza, cuando un cami\u00f3n arremeti\u00f3 contra una multitud que presenciaba los fuegos artificiales de la fiesta nacional del 14 de julio, seg\u00fan los \u00faltimos datos facilitados por la autoridades francesas. &hellip; <\/p>\n<p><a class=\"more-link btn\" href=\"https:\/\/lamendigapolitica.com\/?p=38482\">Seguir leyendo<\/a><\/p>\n","protected":false},"author":1,"featured_media":0,"comment_status":"open","ping_status":"closed","sticky":false,"template":"","format":"standard","meta":{"footnotes":""},"categories":[20,31,3,27],"tags":[],"class_list":["post-38482","post","type-post","status-publish","format-standard","hentry","category-gobierno","category-internacional","category-politica","category-seguridad","item-wrap"],"_links":{"self":[{"href":"https:\/\/lamendigapolitica.com\/index.php?rest_route=\/wp\/v2\/posts\/38482","targetHints":{"allow":["GET"]}}],"collection":[{"href":"https:\/\/lamendigapolitica.com\/index.php?rest_route=\/wp\/v2\/posts"}],"about":[{"href":"https:\/\/lamendigapolitica.com\/index.php?rest_route=\/wp\/v2\/types\/post"}],"author":[{"embeddable":true,"href":"https:\/\/lamendigapolitica.com\/index.php?rest_route=\/wp\/v2\/users\/1"}],"replies":[{"embeddable":true,"href":"https:\/\/lamendigapolitica.com\/index.php?rest_route=%2Fwp%2Fv2%2Fcomments&post=38482"}],"version-history":[{"count":1,"href":"https:\/\/lamendigapolitica.com\/index.php?rest_route=\/wp\/v2\/posts\/38482\/revisions"}],"predecessor-version":[{"id":38484,"href":"https:\/\/lamendigapolitica.com\/index.php?rest_route=\/wp\/v2\/posts\/38482\/revisions\/38484"}],"wp:attachment":[{"href":"https:\/\/lamendigapolitica.com\/index.php?rest_route=%2Fwp%2Fv2%2Fmedia&parent=38482"}],"wp:term":[{"taxonomy":"category","embeddable":true,"href":"https:\/\/lamendigapolitica.com\/index.php?rest_route=%2Fwp%2Fv2%2Fcategories&post=38482"},{"taxonomy":"post_tag","embeddable":true,"href":"https:\/\/lamendigapolitica.com\/index.php?rest_route=%2Fwp%2Fv2%2Ftags&post=38482"}],"curies":[{"name":"wp","href":"https:\/\/api.w.org\/{rel}","templated":true}]}}