{"id":38479,"date":"2016-07-14T19:09:33","date_gmt":"2016-07-15T00:09:33","guid":{"rendered":"http:\/\/lamendigapolitica.com\/blog\/?p=38479"},"modified":"2016-07-14T19:09:33","modified_gmt":"2016-07-15T00:09:33","slug":"zapopan-inicia-campana-de-reforestacion-en-el-bosque-la-primavera","status":"publish","type":"post","link":"https:\/\/lamendigapolitica.com\/?p=38479","title":{"rendered":"Zapopan inicia campa\u00f1a de reforestaci\u00f3n en el Bosque La Primavera"},"content":{"rendered":"<p><a href=\"https:\/\/lamendigapolitica.com\/blog\/blog\/wp-content\/uploads\/2016\/07\/28309059855_0f5674f430_z.jpg\" rel=\"attachment wp-att-38480\"><img loading=\"lazy\" decoding=\"async\" class=\"aligncenter  wp-image-38480\" src=\"https:\/\/lamendigapolitica.com\/blog\/blog\/wp-content\/uploads\/2016\/07\/28309059855_0f5674f430_z.jpg\" alt=\"28309059855_0f5674f430_z\" width=\"364\" height=\"244\" srcset=\"https:\/\/lamendigapolitica.com\/wp-content\/uploads\/2016\/07\/28309059855_0f5674f430_z.jpg 640w, https:\/\/lamendigapolitica.com\/wp-content\/uploads\/2016\/07\/28309059855_0f5674f430_z-300x201.jpg 300w\" sizes=\"auto, (max-width: 364px) 100vw, 364px\" \/><\/a><\/p>\n<p>&nbsp;<\/p>\n<p>Al iniciar la campa\u00f1a \u201cVida, \u00e1rboles para la vida de Zapopan\u201d el ayuntamiento de Zapopan reforest\u00f3 con m\u00e1s de mil 700 \u00e1rboles, en un \u00e1rea natural protegida del Bosque La Primavera que result\u00f3 afectada en 2013 durante un incendio.<\/p>\n<p>&nbsp;<\/p>\n<p>Cabe recordar que m\u00e1s de 54 por ciento de la zona boscosa de La Primavera pertenece a Zapopan, por lo que el Gobierno Municipal est\u00e1 comprometido y asume la responsabilidad social que ello implica, destac\u00f3 Alfredo Mart\u00edn, Director de Medio Ambiente del Municipio. \u00a0\u201cPara Zapopan est\u00e1 \u00e1rea es fundamental es prioritaria, no obstante que (su atenci\u00f3n) es de competencia federal, el gobierno de Pablo Lemus est\u00e1 comprometido con ella\u201d destac\u00f3.<\/p>\n<p>&nbsp;<\/p>\n<p>La campa\u00f1a \u201cVida, \u00e1rboles para la vida de Zapopan\u201d es una de las m\u00e1s ambiciosas en todo el pa\u00eds; tan solo este a\u00f1o se trasplantar\u00e1n m\u00e1s de 35 mil \u00e1rboles en todo el territorio del municipio con la colaboraci\u00f3n de algunas asociaciones como EXTRA A.C y Reforestemos M\u00e9xico, as\u00ed como tambi\u00e9n de la Comisi\u00f3n Nacional Forestal\u00a0 que han donado m\u00e1s de 250 mil ejemplares.<\/p>\n<p>&nbsp;<\/p>\n<p>El Alcalde, Pablo Lemus, entreg\u00f3 un reconocimiento a los brigadistas y mencion\u00f3 que se deben tener mejores condiciones para la vida y que esto se logra mediante este tipo de acciones, adem\u00e1s con asumir la corresponsabilidad. \u201cNos hemos comprometido con ustedes en distintas tareas primero destinado 40 millones de pesos al rubro ambiental, (\u2026) una buena recuperaci\u00f3n de los veh\u00edculos y compramos\u00a0 equipo para los brigadistas\u201d.<\/p>\n<p>&nbsp;<\/p>\n<p>A los brigadistas forestales se les entregaron uniformes y un reconocimiento por haber participado en el curso de Operaciones \u00c1reas Forestales, que \u00fanicamente se imparte en Canad\u00e1 y Estados Unidos; el adiestramiento se registr\u00f3 en la temporada de incendios. Marciano Valtierra Azotla, Director General del OPD Bosque La Primavera, se\u00f1al\u00f3 que el trabajo en conjunto es la mejor manera de preservar las \u00e1reas verdes.<\/p>\n","protected":false},"excerpt":{"rendered":"<p>&nbsp; Al iniciar la campa\u00f1a \u201cVida, \u00e1rboles para la vida de Zapopan\u201d el ayuntamiento de Zapopan reforest\u00f3 con m\u00e1s de mil 700 \u00e1rboles, en un \u00e1rea natural protegida del Bosque La Primavera que result\u00f3 afectada en 2013 durante un incendio. &nbsp; Cabe recordar que m\u00e1s de 54 por ciento de la zona boscosa de La &hellip; <\/p>\n<p><a class=\"more-link btn\" href=\"https:\/\/lamendigapolitica.com\/?p=38479\">Seguir leyendo<\/a><\/p>\n","protected":false},"author":1,"featured_media":0,"comment_status":"open","ping_status":"closed","sticky":false,"template":"","format":"standard","meta":{"footnotes":""},"categories":[6,28,20,5,3],"tags":[],"class_list":["post-38479","post","type-post","status-publish","format-standard","hentry","category-congreso","category-educacion","category-gobierno","category-partidos","category-politica","item-wrap"],"_links":{"self":[{"href":"https:\/\/lamendigapolitica.com\/index.php?rest_route=\/wp\/v2\/posts\/38479","targetHints":{"allow":["GET"]}}],"collection":[{"href":"https:\/\/lamendigapolitica.com\/index.php?rest_route=\/wp\/v2\/posts"}],"about":[{"href":"https:\/\/lamendigapolitica.com\/index.php?rest_route=\/wp\/v2\/types\/post"}],"author":[{"embeddable":true,"href":"https:\/\/lamendigapolitica.com\/index.php?rest_route=\/wp\/v2\/users\/1"}],"replies":[{"embeddable":true,"href":"https:\/\/lamendigapolitica.com\/index.php?rest_route=%2Fwp%2Fv2%2Fcomments&post=38479"}],"version-history":[{"count":1,"href":"https:\/\/lamendigapolitica.com\/index.php?rest_route=\/wp\/v2\/posts\/38479\/revisions"}],"predecessor-version":[{"id":38481,"href":"https:\/\/lamendigapolitica.com\/index.php?rest_route=\/wp\/v2\/posts\/38479\/revisions\/38481"}],"wp:attachment":[{"href":"https:\/\/lamendigapolitica.com\/index.php?rest_route=%2Fwp%2Fv2%2Fmedia&parent=38479"}],"wp:term":[{"taxonomy":"category","embeddable":true,"href":"https:\/\/lamendigapolitica.com\/index.php?rest_route=%2Fwp%2Fv2%2Fcategories&post=38479"},{"taxonomy":"post_tag","embeddable":true,"href":"https:\/\/lamendigapolitica.com\/index.php?rest_route=%2Fwp%2Fv2%2Ftags&post=38479"}],"curies":[{"name":"wp","href":"https:\/\/api.w.org\/{rel}","templated":true}]}}