{"id":38473,"date":"2016-07-14T19:05:55","date_gmt":"2016-07-15T00:05:55","guid":{"rendered":"http:\/\/lamendigapolitica.com\/blog\/?p=38473"},"modified":"2016-07-14T19:05:55","modified_gmt":"2016-07-15T00:05:55","slug":"pablo-lemus-dialoga-con-jovenes-empresarios","status":"publish","type":"post","link":"https:\/\/lamendigapolitica.com\/?p=38473","title":{"rendered":"Pablo Lemus dialoga con J\u00f3venes Empresarios"},"content":{"rendered":"<p><a href=\"https:\/\/lamendigapolitica.com\/blog\/blog\/wp-content\/uploads\/2016\/07\/27679304883_1c90fd9095_z.jpg\" rel=\"attachment wp-att-38474\"><img loading=\"lazy\" decoding=\"async\" class=\"aligncenter  wp-image-38474\" src=\"https:\/\/lamendigapolitica.com\/blog\/blog\/wp-content\/uploads\/2016\/07\/27679304883_1c90fd9095_z.jpg\" alt=\"27679304883_1c90fd9095_z\" width=\"381\" height=\"255\" srcset=\"https:\/\/lamendigapolitica.com\/wp-content\/uploads\/2016\/07\/27679304883_1c90fd9095_z.jpg 640w, https:\/\/lamendigapolitica.com\/wp-content\/uploads\/2016\/07\/27679304883_1c90fd9095_z-300x201.jpg 300w\" sizes=\"auto, (max-width: 381px) 100vw, 381px\" \/><\/a><\/p>\n<p>&nbsp;<\/p>\n<p>El Presidente Municipal de Zapopan, Pablo Lemus, en compa\u00f1\u00eda del Presidente de la Mesa Directiva del Congreso del Estado, Alejandro Hermosillo, se reuni\u00f3 con los J\u00f3venes Empresarios de la C\u00e1mara Nacional de Comercio (CANACO) de Guadalajara para compartir sus experiencias como empresario, comunicador y servidor p\u00fablico con el objetivo de combatir la desigualdad. Adem\u00e1s, dialog\u00f3 con los j\u00f3venes para conocer sus opiniones y sus propuestas a beneficio de la ciudad.<\/p>\n<p>&nbsp;<\/p>\n<p>Algunas de sus propuestas son la pol\u00edtica de austeridad para los servidores p\u00fablicos zapopanos, donde la n\u00f3mina se redujo cerca de mil personas; apostar por la cultura, el deporte y la educaci\u00f3n como v\u00edas de prevenci\u00f3n a la violencia; la implementaci\u00f3n del programa de repavimentaci\u00f3n m\u00e1s importante de la Zona Metropolitana de Guadalajara con un presupuesto de 350 millones de pesos; la creaci\u00f3n del fideicomiso CUSMAX para la construcci\u00f3n de infraestructura en las zonas con mayor marginaci\u00f3n del municipio; la inversi\u00f3n hist\u00f3rica aprobada en el Pleno del Ayuntamiento en materia de medio ambiente, como destinar 10 millones de pesos a El Nixticuil y 5 millones al Bosque Pedag\u00f3gico del Agua, entre otros.<\/p>\n<p>&nbsp;<\/p>\n<p>\u201cTodos nosotros, desde lo que hacemos, ponemos nuestro granito de arena para hacer \u00e9ste un mejor pa\u00eds (\u2026). Primero que te comprometas contigo mismo y despu\u00e9s invitar a la gente (\u2026). Es lo que queremos, que la gente nos diga qu\u00e9 est\u00e1 haciendo\u201d, Eduardo Aceves, Presidente de J\u00f3venes Empresarios de CANACO Guadalajara, durante la presentaci\u00f3n de la campa\u00f1a \u201cDepende de M\u00ed\u201d a las autoridades presentes.<\/p>\n<p>&nbsp;<\/p>\n<p>\u201cDepende de M\u00ed\u201d, campa\u00f1a lanzada en mayo, agrupa a 300 j\u00f3venes afiliados a CANACO Guadalajara, con el fin de sumar iniciativas para dar a conocer las actividades que realizan en pro integrar un cambio positivo en nuestra ciudad y pa\u00eds; raz\u00f3n por la que J\u00f3venes Empresarios ha impulsado establecer un v\u00ednculo con el Gobierno y con las universidades locales. \u201cQueremos hacer una invitaci\u00f3n a convertirnos todos en embajadores. Todos nosotros hemos hecho compromisos muy puntuales, somos actores de cambio en los lugares donde incidimos diariamente (\u2026). Podemos hacer mucho por cambiar nuestra calle, nuestra casa\u201d, dijo Ignacio R\u00edos, Jefe de la Secci\u00f3n Especializada de J\u00f3venes Empresarios.<\/p>\n","protected":false},"excerpt":{"rendered":"<p>&nbsp; El Presidente Municipal de Zapopan, Pablo Lemus, en compa\u00f1\u00eda del Presidente de la Mesa Directiva del Congreso del Estado, Alejandro Hermosillo, se reuni\u00f3 con los J\u00f3venes Empresarios de la C\u00e1mara Nacional de Comercio (CANACO) de Guadalajara para compartir sus experiencias como empresario, comunicador y servidor p\u00fablico con el objetivo de combatir la desigualdad. Adem\u00e1s, &hellip; <\/p>\n<p><a class=\"more-link btn\" href=\"https:\/\/lamendigapolitica.com\/?p=38473\">Seguir leyendo<\/a><\/p>\n","protected":false},"author":1,"featured_media":0,"comment_status":"open","ping_status":"closed","sticky":false,"template":"","format":"standard","meta":{"footnotes":""},"categories":[6,20,5,3],"tags":[],"class_list":["post-38473","post","type-post","status-publish","format-standard","hentry","category-congreso","category-gobierno","category-partidos","category-politica","item-wrap"],"_links":{"self":[{"href":"https:\/\/lamendigapolitica.com\/index.php?rest_route=\/wp\/v2\/posts\/38473","targetHints":{"allow":["GET"]}}],"collection":[{"href":"https:\/\/lamendigapolitica.com\/index.php?rest_route=\/wp\/v2\/posts"}],"about":[{"href":"https:\/\/lamendigapolitica.com\/index.php?rest_route=\/wp\/v2\/types\/post"}],"author":[{"embeddable":true,"href":"https:\/\/lamendigapolitica.com\/index.php?rest_route=\/wp\/v2\/users\/1"}],"replies":[{"embeddable":true,"href":"https:\/\/lamendigapolitica.com\/index.php?rest_route=%2Fwp%2Fv2%2Fcomments&post=38473"}],"version-history":[{"count":1,"href":"https:\/\/lamendigapolitica.com\/index.php?rest_route=\/wp\/v2\/posts\/38473\/revisions"}],"predecessor-version":[{"id":38475,"href":"https:\/\/lamendigapolitica.com\/index.php?rest_route=\/wp\/v2\/posts\/38473\/revisions\/38475"}],"wp:attachment":[{"href":"https:\/\/lamendigapolitica.com\/index.php?rest_route=%2Fwp%2Fv2%2Fmedia&parent=38473"}],"wp:term":[{"taxonomy":"category","embeddable":true,"href":"https:\/\/lamendigapolitica.com\/index.php?rest_route=%2Fwp%2Fv2%2Fcategories&post=38473"},{"taxonomy":"post_tag","embeddable":true,"href":"https:\/\/lamendigapolitica.com\/index.php?rest_route=%2Fwp%2Fv2%2Ftags&post=38473"}],"curies":[{"name":"wp","href":"https:\/\/api.w.org\/{rel}","templated":true}]}}