{"id":38470,"date":"2016-07-14T19:02:40","date_gmt":"2016-07-15T00:02:40","guid":{"rendered":"http:\/\/lamendigapolitica.com\/blog\/?p=38470"},"modified":"2016-07-14T19:02:40","modified_gmt":"2016-07-15T00:02:40","slug":"tendran-mas-planteles-educativos-en-tonala","status":"publish","type":"post","link":"https:\/\/lamendigapolitica.com\/?p=38470","title":{"rendered":"Tendr\u00e1n m\u00e1s planteles educativos en Tonal\u00e1"},"content":{"rendered":"<p><a href=\"https:\/\/lamendigapolitica.com\/blog\/blog\/wp-content\/uploads\/2016\/07\/28052438462_fe2ccaa00b_z-1.jpg\" rel=\"attachment wp-att-38471\"><img loading=\"lazy\" decoding=\"async\" class=\"aligncenter  wp-image-38471\" src=\"https:\/\/lamendigapolitica.com\/blog\/blog\/wp-content\/uploads\/2016\/07\/28052438462_fe2ccaa00b_z-1.jpg\" alt=\"28052438462_fe2ccaa00b_z\" width=\"393\" height=\"263\" srcset=\"https:\/\/lamendigapolitica.com\/wp-content\/uploads\/2016\/07\/28052438462_fe2ccaa00b_z-1.jpg 640w, https:\/\/lamendigapolitica.com\/wp-content\/uploads\/2016\/07\/28052438462_fe2ccaa00b_z-1-300x201.jpg 300w\" sizes=\"auto, (max-width: 393px) 100vw, 393px\" \/><\/a><\/p>\n<p>&nbsp;<\/p>\n<p>Al someter ante el pleno del Ayuntamiento un punto de acuerdo para entregar en comodato a la instituci\u00f3n educativa dos predios de propiedad municipal para la edificaci\u00f3n de los planteles,\u00a0la Regidora Olivia\u00a0 Venegas P\u00e9rez afirm\u00f3 que la parte oriente de Tonal\u00e1 ser\u00e1 beneficiada con un complejo escolar que albergar\u00e1 una instituci\u00f3n de educaci\u00f3n inicial, una escuela primaria y una secundaria, gracias a las gestiones que el \u00a0ayuntamiento realiz\u00f3 ante la Secretar\u00eda de Educaci\u00f3n P\u00fablica del gobierno del Estado,<\/p>\n<p>&nbsp;<\/p>\n<p>Previo a la aprobaci\u00f3n de dicho acuerdo, el presidente municipal Sergio Ch\u00e1vez D\u00e1valos, explic\u00f3 que en esa parte del municipio se ha desarrollado en forma prominente la vivienda y, entre otros servicios, demandan instancias educativas, por lo que la edificaci\u00f3n de este complejo educativo llega en buen momento para darle respuesta a los habitantes y evitarle traer o mandar a sus hijos hasta la cabecera municipal para que cursen sus estudios.<\/p>\n<p>&nbsp;<\/p>\n<p>Por su parte Venegas P\u00e9rez, a\u00f1adi\u00f3 que este a\u00f1o se construir\u00e1n los planteles de educaci\u00f3n inicial y la instituci\u00f3n primar\u00eda con una inversi\u00f3n de aproximadamente ocho millones de pesos y el pr\u00f3ximo a\u00f1o se edificar\u00e1 la escuela secundaria. El comodato se aprob\u00f3 por 25 a\u00f1os y corresponde a dos predios que en conjunto suman una superficie de aproximadamente 20 mil metros cuadrados, en el fraccionamiento Colinas de Tonal\u00e1.<\/p>\n<p>&nbsp;<\/p>\n<p>Lo anterior durante la sesi\u00f3n celebrada esta ma\u00f1ana en la que, por otro lado, el presidente municipal present\u00f3 un punto de acuerdo para que fuese turnado a las Comisiones de Hacienda, a fin de que este \u00f3rgano colegiado empiece a estructurar el Proyecto de Ley de Ingresos para el ejercicio fiscal 2017, as\u00ed como las Tablas de Valores Unitario y Valuaci\u00f3n Catastral.<\/p>\n<p>&nbsp;<\/p>\n<p>Ch\u00e1vez D\u00e1valos record\u00f3 que es obligaci\u00f3n del Ayuntamiento presentar al Congreso el Estado las iniciativas de sus leyes de Ingresos a m\u00e1s tardar el d\u00eda 31 de agosto de cada a\u00f1o.<\/p>\n","protected":false},"excerpt":{"rendered":"<p>&nbsp; Al someter ante el pleno del Ayuntamiento un punto de acuerdo para entregar en comodato a la instituci\u00f3n educativa dos predios de propiedad municipal para la edificaci\u00f3n de los planteles,\u00a0la Regidora Olivia\u00a0 Venegas P\u00e9rez afirm\u00f3 que la parte oriente de Tonal\u00e1 ser\u00e1 beneficiada con un complejo escolar que albergar\u00e1 una instituci\u00f3n de educaci\u00f3n inicial, &hellip; <\/p>\n<p><a class=\"more-link btn\" href=\"https:\/\/lamendigapolitica.com\/?p=38470\">Seguir leyendo<\/a><\/p>\n","protected":false},"author":1,"featured_media":0,"comment_status":"open","ping_status":"closed","sticky":false,"template":"","format":"standard","meta":{"footnotes":""},"categories":[28,20,5,3],"tags":[],"class_list":["post-38470","post","type-post","status-publish","format-standard","hentry","category-educacion","category-gobierno","category-partidos","category-politica","item-wrap"],"_links":{"self":[{"href":"https:\/\/lamendigapolitica.com\/index.php?rest_route=\/wp\/v2\/posts\/38470","targetHints":{"allow":["GET"]}}],"collection":[{"href":"https:\/\/lamendigapolitica.com\/index.php?rest_route=\/wp\/v2\/posts"}],"about":[{"href":"https:\/\/lamendigapolitica.com\/index.php?rest_route=\/wp\/v2\/types\/post"}],"author":[{"embeddable":true,"href":"https:\/\/lamendigapolitica.com\/index.php?rest_route=\/wp\/v2\/users\/1"}],"replies":[{"embeddable":true,"href":"https:\/\/lamendigapolitica.com\/index.php?rest_route=%2Fwp%2Fv2%2Fcomments&post=38470"}],"version-history":[{"count":1,"href":"https:\/\/lamendigapolitica.com\/index.php?rest_route=\/wp\/v2\/posts\/38470\/revisions"}],"predecessor-version":[{"id":38472,"href":"https:\/\/lamendigapolitica.com\/index.php?rest_route=\/wp\/v2\/posts\/38470\/revisions\/38472"}],"wp:attachment":[{"href":"https:\/\/lamendigapolitica.com\/index.php?rest_route=%2Fwp%2Fv2%2Fmedia&parent=38470"}],"wp:term":[{"taxonomy":"category","embeddable":true,"href":"https:\/\/lamendigapolitica.com\/index.php?rest_route=%2Fwp%2Fv2%2Fcategories&post=38470"},{"taxonomy":"post_tag","embeddable":true,"href":"https:\/\/lamendigapolitica.com\/index.php?rest_route=%2Fwp%2Fv2%2Ftags&post=38470"}],"curies":[{"name":"wp","href":"https:\/\/api.w.org\/{rel}","templated":true}]}}