{"id":38455,"date":"2016-07-14T09:45:54","date_gmt":"2016-07-14T14:45:54","guid":{"rendered":"http:\/\/lamendigapolitica.com\/blog\/?p=38455"},"modified":"2016-07-14T09:45:54","modified_gmt":"2016-07-14T14:45:54","slug":"la-debilidad-de-amlo","status":"publish","type":"post","link":"https:\/\/lamendigapolitica.com\/?p=38455","title":{"rendered":"La debilidad de AMLO"},"content":{"rendered":"<p><a href=\"https:\/\/lamendigapolitica.com\/blog\/blog\/wp-content\/uploads\/2016\/07\/amlo.jpg\" rel=\"attachment wp-att-38456\"><img loading=\"lazy\" decoding=\"async\" class=\"aligncenter  wp-image-38456\" src=\"https:\/\/lamendigapolitica.com\/blog\/blog\/wp-content\/uploads\/2016\/07\/amlo.jpg\" alt=\"amlo\" width=\"332\" height=\"238\" \/><\/a><\/p>\n<p>&nbsp;<\/p>\n<p>El pol\u00edtico mexicano Andr\u00e9s Manuel L\u00f3pez Obrador asisiti\u00f3 al Juego de Estrellas de Grandes Ligas, en el Petco Park de San Diego, y tuvo la oportunidad de tomarse la foto, junto a su hijo, con\u00a0 el pelotero dominicano David Ortiz,\u00a0 quien est\u00e1 en su \u00faltima temporada como profesional.<\/p>\n<p>&nbsp;<\/p>\n<p>AMLO presumi\u00f3 la foto en Facebook y escribi\u00f3: \u201cNi modo. Tengo esa debilidad. El beisbol es de mis grandes pasiones. Ayer vi batear a Can\u00f3, a Cabrera y a la leyenda David Ortiz, \u201cBig Papi\u201d. Tambi\u00e9n asisti\u00f3 el empresario mexicano Alfredo Harp Hel\u00fa, quien es copropietario de los Padres de San Diego, equipo anftri\u00f3n.<\/p>\n<p>&nbsp;<\/p>\n<p>En las redes comenz\u00f3 a hacerse tambi\u00e9n viral la foto que se tomaron Big Papi y el presidente Barack Obama en 2014, con motivo del campeonato de los Medias Rojas.<\/p>\n","protected":false},"excerpt":{"rendered":"<p>&nbsp; El pol\u00edtico mexicano Andr\u00e9s Manuel L\u00f3pez Obrador asisiti\u00f3 al Juego de Estrellas de Grandes Ligas, en el Petco Park de San Diego, y tuvo la oportunidad de tomarse la foto, junto a su hijo, con\u00a0 el pelotero dominicano David Ortiz,\u00a0 quien est\u00e1 en su \u00faltima temporada como profesional. &nbsp; AMLO presumi\u00f3 la foto en &hellip; <\/p>\n<p><a class=\"more-link btn\" href=\"https:\/\/lamendigapolitica.com\/?p=38455\">Seguir leyendo<\/a><\/p>\n","protected":false},"author":1,"featured_media":0,"comment_status":"open","ping_status":"closed","sticky":false,"template":"","format":"standard","meta":{"footnotes":""},"categories":[6,20,5,3],"tags":[],"class_list":["post-38455","post","type-post","status-publish","format-standard","hentry","category-congreso","category-gobierno","category-partidos","category-politica","item-wrap"],"_links":{"self":[{"href":"https:\/\/lamendigapolitica.com\/index.php?rest_route=\/wp\/v2\/posts\/38455","targetHints":{"allow":["GET"]}}],"collection":[{"href":"https:\/\/lamendigapolitica.com\/index.php?rest_route=\/wp\/v2\/posts"}],"about":[{"href":"https:\/\/lamendigapolitica.com\/index.php?rest_route=\/wp\/v2\/types\/post"}],"author":[{"embeddable":true,"href":"https:\/\/lamendigapolitica.com\/index.php?rest_route=\/wp\/v2\/users\/1"}],"replies":[{"embeddable":true,"href":"https:\/\/lamendigapolitica.com\/index.php?rest_route=%2Fwp%2Fv2%2Fcomments&post=38455"}],"version-history":[{"count":1,"href":"https:\/\/lamendigapolitica.com\/index.php?rest_route=\/wp\/v2\/posts\/38455\/revisions"}],"predecessor-version":[{"id":38457,"href":"https:\/\/lamendigapolitica.com\/index.php?rest_route=\/wp\/v2\/posts\/38455\/revisions\/38457"}],"wp:attachment":[{"href":"https:\/\/lamendigapolitica.com\/index.php?rest_route=%2Fwp%2Fv2%2Fmedia&parent=38455"}],"wp:term":[{"taxonomy":"category","embeddable":true,"href":"https:\/\/lamendigapolitica.com\/index.php?rest_route=%2Fwp%2Fv2%2Fcategories&post=38455"},{"taxonomy":"post_tag","embeddable":true,"href":"https:\/\/lamendigapolitica.com\/index.php?rest_route=%2Fwp%2Fv2%2Ftags&post=38455"}],"curies":[{"name":"wp","href":"https:\/\/api.w.org\/{rel}","templated":true}]}}