{"id":38449,"date":"2016-07-14T09:26:24","date_gmt":"2016-07-14T14:26:24","guid":{"rendered":"http:\/\/lamendigapolitica.com\/blog\/?p=38449"},"modified":"2016-07-14T09:26:24","modified_gmt":"2016-07-14T14:26:24","slug":"blindan-francia-por-desfile-del-14-de-julio","status":"publish","type":"post","link":"https:\/\/lamendigapolitica.com\/?p=38449","title":{"rendered":"Blindan Francia por desfile del 14 de julio"},"content":{"rendered":"<p><a href=\"https:\/\/lamendigapolitica.com\/blog\/blog\/wp-content\/uploads\/2016\/07\/france.jpg\" rel=\"attachment wp-att-38450\"><img loading=\"lazy\" decoding=\"async\" class=\"aligncenter  wp-image-38450\" src=\"https:\/\/lamendigapolitica.com\/blog\/blog\/wp-content\/uploads\/2016\/07\/france.jpg\" alt=\"france\" width=\"384\" height=\"289\" \/><\/a><\/p>\n<p>En medio de fuertes medidas de seguridad y numerosos controles y cateos, Francia celebr\u00f3 hoy en Campos El\u00edseos el tradicional desfile militar del 14 de julio, su D\u00eda Nacional, que este a\u00f1o abrieron militares de Nueva Zelanda y Australia, y el cual el presidente Fran\u00e7ois Hollande presidi\u00f3 por \u00faltima vez.<\/p>\n<p>&nbsp;<\/p>\n<p>Debido a que el pa\u00eds se encuentra todav\u00eda en estado de emergencia terrorista, m\u00e1s de tres mil polic\u00edas y gendarmes se desplegaron por la avenida de los Campos El\u00edseos para vigilar el desfile para cuyo acceso se precisaba pasar entre dos controles de seguridad y cateos, y hasta tres o cuatro en el caso de algunas zonas de la avenida.<\/p>\n<p>&nbsp;<\/p>\n<p>El desfile, que como cada a\u00f1o encabez\u00f3 el presidente Francois Hollande y transcurri\u00f3 con saldo blanco, inici\u00f3 con el sobrevuelo de la \u201cPatrulla de Francia\u201d, un grupo de cazas militares que colocados en el aire formando la silueta de la Torre Eiffel dibujaron con humo la bandera francesa en el cielo parisino. Las primeras tropas en desfilar fueron un destacamento de Nueva Zelanda y de Australia, a las que Francia quiso rendir honor por la participaci\u00f3n de sus ej\u00e9rcitos en la Primera Guerra Mundial, en 1916, en las trincheras de la Somme, norte de Francia, en donde fallecieron miles de soldados de ambos pa\u00edses.<\/p>\n<p>&nbsp;<\/p>\n<p>La nota de color fue el desfile de ocho ind\u00edgenas maor\u00edes como complemento del ej\u00e9rcito australiano y neozeland\u00e9s, vestidos con sus trajes ancestrales y portando lanzas. El a\u00f1o pasado fue M\u00e9xico el pa\u00eds invitado de honor y que desfil\u00f3 por la avenida en primer lugar con una brigada que port\u00f3 \u00e1guilas en los brazos de los soldados, muy aplaudidas por el p\u00fablico franc\u00e9s.<\/p>\n<p>&nbsp;<\/p>\n<p>M\u00e1s de tres mil 200 soldados de diversos cuerpos de aire, tierra y naval desfilaron por la avenida, as\u00ed como cerca de 90 aviones y helic\u00f3pteros y estudiantes de escuelas y soldados de la c\u00e9lebre Legi\u00f3n extranjera, as\u00ed como polic\u00edas y bomberos, entre otras.<\/p>\n","protected":false},"excerpt":{"rendered":"<p>En medio de fuertes medidas de seguridad y numerosos controles y cateos, Francia celebr\u00f3 hoy en Campos El\u00edseos el tradicional desfile militar del 14 de julio, su D\u00eda Nacional, que este a\u00f1o abrieron militares de Nueva Zelanda y Australia, y el cual el presidente Fran\u00e7ois Hollande presidi\u00f3 por \u00faltima vez. &nbsp; Debido a que el &hellip; <\/p>\n<p><a class=\"more-link btn\" href=\"https:\/\/lamendigapolitica.com\/?p=38449\">Seguir leyendo<\/a><\/p>\n","protected":false},"author":1,"featured_media":0,"comment_status":"open","ping_status":"closed","sticky":false,"template":"","format":"standard","meta":{"footnotes":""},"categories":[20,31,3,27],"tags":[],"class_list":["post-38449","post","type-post","status-publish","format-standard","hentry","category-gobierno","category-internacional","category-politica","category-seguridad","item-wrap"],"_links":{"self":[{"href":"https:\/\/lamendigapolitica.com\/index.php?rest_route=\/wp\/v2\/posts\/38449","targetHints":{"allow":["GET"]}}],"collection":[{"href":"https:\/\/lamendigapolitica.com\/index.php?rest_route=\/wp\/v2\/posts"}],"about":[{"href":"https:\/\/lamendigapolitica.com\/index.php?rest_route=\/wp\/v2\/types\/post"}],"author":[{"embeddable":true,"href":"https:\/\/lamendigapolitica.com\/index.php?rest_route=\/wp\/v2\/users\/1"}],"replies":[{"embeddable":true,"href":"https:\/\/lamendigapolitica.com\/index.php?rest_route=%2Fwp%2Fv2%2Fcomments&post=38449"}],"version-history":[{"count":1,"href":"https:\/\/lamendigapolitica.com\/index.php?rest_route=\/wp\/v2\/posts\/38449\/revisions"}],"predecessor-version":[{"id":38451,"href":"https:\/\/lamendigapolitica.com\/index.php?rest_route=\/wp\/v2\/posts\/38449\/revisions\/38451"}],"wp:attachment":[{"href":"https:\/\/lamendigapolitica.com\/index.php?rest_route=%2Fwp%2Fv2%2Fmedia&parent=38449"}],"wp:term":[{"taxonomy":"category","embeddable":true,"href":"https:\/\/lamendigapolitica.com\/index.php?rest_route=%2Fwp%2Fv2%2Fcategories&post=38449"},{"taxonomy":"post_tag","embeddable":true,"href":"https:\/\/lamendigapolitica.com\/index.php?rest_route=%2Fwp%2Fv2%2Ftags&post=38449"}],"curies":[{"name":"wp","href":"https:\/\/api.w.org\/{rel}","templated":true}]}}