{"id":38446,"date":"2016-07-13T19:57:45","date_gmt":"2016-07-14T00:57:45","guid":{"rendered":"http:\/\/lamendigapolitica.com\/blog\/?p=38446"},"modified":"2016-07-13T19:58:01","modified_gmt":"2016-07-14T00:58:01","slug":"acude-alfaro-a-supervisar-los-danos-visibles-en-la-minerva","status":"publish","type":"post","link":"https:\/\/lamendigapolitica.com\/?p=38446","title":{"rendered":"Acude Alfaro a supervisar los da\u00f1os visibles en la Minerva"},"content":{"rendered":"<p><a href=\"https:\/\/lamendigapolitica.com\/blog\/blog\/wp-content\/uploads\/2016\/07\/27675755704_578ee03726_z.jpg\" rel=\"attachment wp-att-38447\"><img loading=\"lazy\" decoding=\"async\" class=\"aligncenter wp-image-38447\" src=\"https:\/\/lamendigapolitica.com\/blog\/blog\/wp-content\/uploads\/2016\/07\/27675755704_578ee03726_z.jpg\" alt=\"27675755704_578ee03726_z\" width=\"363\" height=\"242\" srcset=\"https:\/\/lamendigapolitica.com\/wp-content\/uploads\/2016\/07\/27675755704_578ee03726_z.jpg 640w, https:\/\/lamendigapolitica.com\/wp-content\/uploads\/2016\/07\/27675755704_578ee03726_z-300x200.jpg 300w\" sizes=\"auto, (max-width: 363px) 100vw, 363px\" \/><\/a><\/p>\n<p>A la fecha solamente se han erogado 1.5 millones de pesos para el diagn\u00f3stico y proyecto ejecutivo de las reparaci\u00f3n de La Minerva, confirm\u00f3 el Presidente Municipal de Guadalajara, Enrique Alfaro Ram\u00edrez quien constat\u00f3 los da\u00f1os visibles del emblem\u00e1tico monumento y se{al\u00f3 que \u00a0ser\u00e1 en el mes de agosto cuando se tengan los resultados de los estudios sobre las afectaciones a la base y a la estructura de la Minerva, para despu\u00e9s determinar los tiempos y costo total de la reparaci\u00f3n de uno de los iconos m\u00e1s importantes de la ciudad.<\/p>\n<p>&nbsp;<\/p>\n<p>Alfaro Ram\u00edrez agreg\u00f3 que Karla J\u00e1uregui es la persona indicada para llevar a cabo estos trabajos y asegur\u00f3 que reparar la Minerva es un acto de responsabilidad. Y mostr\u00f3 a los reporteros fragmentos de la estructura interna de hierro que est\u00e1 junto a la base, cuya consistencia y dureza es semejante a un carb\u00f3n.<\/p>\n<p>&nbsp;<\/p>\n<p>\u201cEs important\u00edsimo para Guadalajara reparar sus calles, reparar sus l\u00e1mparas, mejorar sus mercados, pero tambi\u00e9n es importante para la ciudad\u00a0 tener en buenas condiciones nuestro patrimonio hist\u00f3rico y cultural, no vamos a permitir que algo le pase a la Minerva. Vamos a arreglar la Minerva y la vamos a dejar como nueva\u201d, dijo.<\/p>\n<p>&nbsp;<\/p>\n<p>Por su parte, Karla J\u00e1uregui, mencion\u00f3 que el equipo de expertos realiz\u00f3 en los \u00faltimos d\u00edas o un registro del monumento, adem\u00e1s de que se llevar\u00e1 a cabo un an\u00e1lisis macrosc\u00f3pico y pruebas de materiales y diferentes estudios para reconocer las condiciones del espesor del metal y su composici\u00f3n. De entrada, en la visita que hicieron las autoridades y representantes de los medios de comunicaci\u00f3n al monumento, se constat\u00f3 el desgaste del metal en la base de la Minerva, mientras que an\u00e1lisis microsc\u00f3picos internos de rayos X y ultrasonido en la estructura determinar\u00e1n la gravedad del da\u00f1o.<\/p>\n<p>&nbsp;<\/p>\n","protected":false},"excerpt":{"rendered":"<p>A la fecha solamente se han erogado 1.5 millones de pesos para el diagn\u00f3stico y proyecto ejecutivo de las reparaci\u00f3n de La Minerva, confirm\u00f3 el Presidente Municipal de Guadalajara, Enrique Alfaro Ram\u00edrez quien constat\u00f3 los da\u00f1os visibles del emblem\u00e1tico monumento y se{al\u00f3 que \u00a0ser\u00e1 en el mes de agosto cuando se tengan los resultados de &hellip; <\/p>\n<p><a class=\"more-link btn\" href=\"https:\/\/lamendigapolitica.com\/?p=38446\">Seguir leyendo<\/a><\/p>\n","protected":false},"author":1,"featured_media":0,"comment_status":"open","ping_status":"closed","sticky":false,"template":"","format":"standard","meta":{"footnotes":""},"categories":[6,20,5,3],"tags":[],"class_list":["post-38446","post","type-post","status-publish","format-standard","hentry","category-congreso","category-gobierno","category-partidos","category-politica","item-wrap"],"_links":{"self":[{"href":"https:\/\/lamendigapolitica.com\/index.php?rest_route=\/wp\/v2\/posts\/38446","targetHints":{"allow":["GET"]}}],"collection":[{"href":"https:\/\/lamendigapolitica.com\/index.php?rest_route=\/wp\/v2\/posts"}],"about":[{"href":"https:\/\/lamendigapolitica.com\/index.php?rest_route=\/wp\/v2\/types\/post"}],"author":[{"embeddable":true,"href":"https:\/\/lamendigapolitica.com\/index.php?rest_route=\/wp\/v2\/users\/1"}],"replies":[{"embeddable":true,"href":"https:\/\/lamendigapolitica.com\/index.php?rest_route=%2Fwp%2Fv2%2Fcomments&post=38446"}],"version-history":[{"count":1,"href":"https:\/\/lamendigapolitica.com\/index.php?rest_route=\/wp\/v2\/posts\/38446\/revisions"}],"predecessor-version":[{"id":38448,"href":"https:\/\/lamendigapolitica.com\/index.php?rest_route=\/wp\/v2\/posts\/38446\/revisions\/38448"}],"wp:attachment":[{"href":"https:\/\/lamendigapolitica.com\/index.php?rest_route=%2Fwp%2Fv2%2Fmedia&parent=38446"}],"wp:term":[{"taxonomy":"category","embeddable":true,"href":"https:\/\/lamendigapolitica.com\/index.php?rest_route=%2Fwp%2Fv2%2Fcategories&post=38446"},{"taxonomy":"post_tag","embeddable":true,"href":"https:\/\/lamendigapolitica.com\/index.php?rest_route=%2Fwp%2Fv2%2Ftags&post=38446"}],"curies":[{"name":"wp","href":"https:\/\/api.w.org\/{rel}","templated":true}]}}