{"id":38443,"date":"2016-07-13T16:33:13","date_gmt":"2016-07-13T21:33:13","guid":{"rendered":"http:\/\/lamendigapolitica.com\/blog\/?p=38443"},"modified":"2016-07-13T16:33:13","modified_gmt":"2016-07-13T21:33:13","slug":"guadalajara-apoyara-a-locatarios-del-mercado-alcalde","status":"publish","type":"post","link":"https:\/\/lamendigapolitica.com\/?p=38443","title":{"rendered":"Guadalajara apoyar\u00e1 a locatarios del mercado Alcalde"},"content":{"rendered":"<p><a href=\"https:\/\/lamendigapolitica.com\/blog\/blog\/wp-content\/uploads\/2016\/07\/alfaro.jpg\" rel=\"attachment wp-att-38444\"><img loading=\"lazy\" decoding=\"async\" class=\"aligncenter  wp-image-38444\" src=\"https:\/\/lamendigapolitica.com\/blog\/blog\/wp-content\/uploads\/2016\/07\/alfaro.jpg\" alt=\"alfaro\" width=\"362\" height=\"184\" srcset=\"https:\/\/lamendigapolitica.com\/wp-content\/uploads\/2016\/07\/alfaro.jpg 315w, https:\/\/lamendigapolitica.com\/wp-content\/uploads\/2016\/07\/alfaro-300x152.jpg 300w\" sizes=\"auto, (max-width: 362px) 100vw, 362px\" \/><\/a><\/p>\n<p>&nbsp;<\/p>\n<p>El ayuntamiento de Guadalajara destinar\u00e1 apoyos por 1.3 millones de pesos a los loctarios afectados del Mercado alcalde por el incendio del domingo pasado, para cubrir la totalidad de las p\u00e9rdidas materiales<\/p>\n<p>&nbsp;<\/p>\n<p>El alcalde de Guadalajara, Enrique Alfaro quien esta ma\u00f1ana realiz\u00f3 un recorrido por el centro de abastos afectado, asegur\u00f3 que el Ayuntamiento repondr\u00e1 los equipos que perdieron los locatarios del mercado. Explic\u00f3 que el municipio realizar\u00e1 los procesos de adquisici\u00f3n que marca la ley para comprar el equipamiento perdido<\/p>\n<p>&nbsp;<\/p>\n<p>El edil tapat\u00edo se\u00f1al\u00f3 que el Ayuntamiento tambi\u00e9n brindar\u00e1 apoyo econ\u00f3mico a los afectados a efecto de que puedan adquirir la mercanc\u00eda que perdieron y de esta forma puedan seguir trabajando.<\/p>\n","protected":false},"excerpt":{"rendered":"<p>&nbsp; El ayuntamiento de Guadalajara destinar\u00e1 apoyos por 1.3 millones de pesos a los loctarios afectados del Mercado alcalde por el incendio del domingo pasado, para cubrir la totalidad de las p\u00e9rdidas materiales &nbsp; El alcalde de Guadalajara, Enrique Alfaro quien esta ma\u00f1ana realiz\u00f3 un recorrido por el centro de abastos afectado, asegur\u00f3 que el &hellip; <\/p>\n<p><a class=\"more-link btn\" href=\"https:\/\/lamendigapolitica.com\/?p=38443\">Seguir leyendo<\/a><\/p>\n","protected":false},"author":1,"featured_media":0,"comment_status":"open","ping_status":"closed","sticky":false,"template":"","format":"standard","meta":{"footnotes":""},"categories":[6,30,20,5,3],"tags":[],"class_list":["post-38443","post","type-post","status-publish","format-standard","hentry","category-congreso","category-economia","category-gobierno","category-partidos","category-politica","item-wrap"],"_links":{"self":[{"href":"https:\/\/lamendigapolitica.com\/index.php?rest_route=\/wp\/v2\/posts\/38443","targetHints":{"allow":["GET"]}}],"collection":[{"href":"https:\/\/lamendigapolitica.com\/index.php?rest_route=\/wp\/v2\/posts"}],"about":[{"href":"https:\/\/lamendigapolitica.com\/index.php?rest_route=\/wp\/v2\/types\/post"}],"author":[{"embeddable":true,"href":"https:\/\/lamendigapolitica.com\/index.php?rest_route=\/wp\/v2\/users\/1"}],"replies":[{"embeddable":true,"href":"https:\/\/lamendigapolitica.com\/index.php?rest_route=%2Fwp%2Fv2%2Fcomments&post=38443"}],"version-history":[{"count":1,"href":"https:\/\/lamendigapolitica.com\/index.php?rest_route=\/wp\/v2\/posts\/38443\/revisions"}],"predecessor-version":[{"id":38445,"href":"https:\/\/lamendigapolitica.com\/index.php?rest_route=\/wp\/v2\/posts\/38443\/revisions\/38445"}],"wp:attachment":[{"href":"https:\/\/lamendigapolitica.com\/index.php?rest_route=%2Fwp%2Fv2%2Fmedia&parent=38443"}],"wp:term":[{"taxonomy":"category","embeddable":true,"href":"https:\/\/lamendigapolitica.com\/index.php?rest_route=%2Fwp%2Fv2%2Fcategories&post=38443"},{"taxonomy":"post_tag","embeddable":true,"href":"https:\/\/lamendigapolitica.com\/index.php?rest_route=%2Fwp%2Fv2%2Ftags&post=38443"}],"curies":[{"name":"wp","href":"https:\/\/api.w.org\/{rel}","templated":true}]}}