{"id":38440,"date":"2016-07-13T16:31:13","date_gmt":"2016-07-13T21:31:13","guid":{"rendered":"http:\/\/lamendigapolitica.com\/blog\/?p=38440"},"modified":"2016-07-13T16:31:13","modified_gmt":"2016-07-13T21:31:13","slug":"exige-zapopan-a-semadet-nuevo-dictamen-ambiental","status":"publish","type":"post","link":"https:\/\/lamendigapolitica.com\/?p=38440","title":{"rendered":"Exige Zapopan a Semadet nuevo dictamen ambiental"},"content":{"rendered":"<p><a href=\"https:\/\/lamendigapolitica.com\/blog\/blog\/wp-content\/uploads\/2016\/07\/sobre-Perif\u00e9rico-y-L\u00f3pez-Mateos.jpg\" rel=\"attachment wp-att-38441\"><img loading=\"lazy\" decoding=\"async\" class=\"aligncenter  wp-image-38441\" src=\"https:\/\/lamendigapolitica.com\/blog\/blog\/wp-content\/uploads\/2016\/07\/sobre-Perif\u00e9rico-y-L\u00f3pez-Mateos.jpg\" alt=\"sobre Perif\u00e9rico y L\u00f3pez Mateos\" width=\"399\" height=\"224\" \/><\/a><\/p>\n<p>&nbsp;<\/p>\n<p>El ayuntamiento de Zapopan lament\u00f3 que la Secretar\u00eda de Medio Ambiente y Desarrollo Territorial del Gobierno del Estado (Semadet) exentara de la presentaci\u00f3n de una manifestaci\u00f3n de impacto ambiental a la obra vial que se pretende construir en el cruce del Anillo Perif\u00e9rico Sur y la Avenida L\u00f3pez Mateos por lo que exige un nuevo dictamen e incrementar la reforestaci\u00f3n en la zona.<\/p>\n<p>&nbsp;<\/p>\n<p>Al parecer la instancia responsable de conservar el equilibrio ecol\u00f3gico en Jalisco minimiz\u00f3 de forma preocupante el impacto que tendr\u00e1 para la Zona Metropolitana perder m\u00e1s de 500 \u00e1rboles, la mayor\u00eda con m\u00e1s de 20 a\u00f1os de edad, en el municipio de Zapopan. Por ello, la Administraci\u00f3n municipal exige que las dependencias estatales involucradas, en conjunto con las direcciones municipales de Medio Ambiente y Parques y Jardines, realicen un nuevo dictamen ambiental en la zona de la obra para reevaluar la necesidad de derribo y buscar, en la medida de lo posible, recurrir al transplante de ejemplares sanos.<\/p>\n<p>&nbsp;<\/p>\n<p>Adem\u00e1s de los 2 mil 465 \u00e1rboles que exigi\u00f3 la Direcci\u00f3n de Parques y Jardines, deber\u00e1n aportar otro tanto, para llegar a casi 5 mil ejemplares, que tambi\u00e9n deber\u00e1 ser ubicado en la zona de influencia de la obra vial. Semadet y los dem\u00e1s involucrados tambi\u00e9n deben especificar los puntos en los que se realizar\u00e1 la reforestaci\u00f3n, y garantizar una sobrevivencia de 80 por ciento de dichos ejemplares, los cuales deber\u00e1n ser de especies nativas de la regi\u00f3n y medir m\u00e1s de 2 metros de altura.<\/p>\n","protected":false},"excerpt":{"rendered":"<p>&nbsp; El ayuntamiento de Zapopan lament\u00f3 que la Secretar\u00eda de Medio Ambiente y Desarrollo Territorial del Gobierno del Estado (Semadet) exentara de la presentaci\u00f3n de una manifestaci\u00f3n de impacto ambiental a la obra vial que se pretende construir en el cruce del Anillo Perif\u00e9rico Sur y la Avenida L\u00f3pez Mateos por lo que exige un &hellip; <\/p>\n<p><a class=\"more-link btn\" href=\"https:\/\/lamendigapolitica.com\/?p=38440\">Seguir leyendo<\/a><\/p>\n","protected":false},"author":1,"featured_media":0,"comment_status":"open","ping_status":"closed","sticky":false,"template":"","format":"standard","meta":{"footnotes":""},"categories":[6,20,5,3],"tags":[],"class_list":["post-38440","post","type-post","status-publish","format-standard","hentry","category-congreso","category-gobierno","category-partidos","category-politica","item-wrap"],"_links":{"self":[{"href":"https:\/\/lamendigapolitica.com\/index.php?rest_route=\/wp\/v2\/posts\/38440","targetHints":{"allow":["GET"]}}],"collection":[{"href":"https:\/\/lamendigapolitica.com\/index.php?rest_route=\/wp\/v2\/posts"}],"about":[{"href":"https:\/\/lamendigapolitica.com\/index.php?rest_route=\/wp\/v2\/types\/post"}],"author":[{"embeddable":true,"href":"https:\/\/lamendigapolitica.com\/index.php?rest_route=\/wp\/v2\/users\/1"}],"replies":[{"embeddable":true,"href":"https:\/\/lamendigapolitica.com\/index.php?rest_route=%2Fwp%2Fv2%2Fcomments&post=38440"}],"version-history":[{"count":1,"href":"https:\/\/lamendigapolitica.com\/index.php?rest_route=\/wp\/v2\/posts\/38440\/revisions"}],"predecessor-version":[{"id":38442,"href":"https:\/\/lamendigapolitica.com\/index.php?rest_route=\/wp\/v2\/posts\/38440\/revisions\/38442"}],"wp:attachment":[{"href":"https:\/\/lamendigapolitica.com\/index.php?rest_route=%2Fwp%2Fv2%2Fmedia&parent=38440"}],"wp:term":[{"taxonomy":"category","embeddable":true,"href":"https:\/\/lamendigapolitica.com\/index.php?rest_route=%2Fwp%2Fv2%2Fcategories&post=38440"},{"taxonomy":"post_tag","embeddable":true,"href":"https:\/\/lamendigapolitica.com\/index.php?rest_route=%2Fwp%2Fv2%2Ftags&post=38440"}],"curies":[{"name":"wp","href":"https:\/\/api.w.org\/{rel}","templated":true}]}}