{"id":38434,"date":"2016-07-13T15:57:49","date_gmt":"2016-07-13T20:57:49","guid":{"rendered":"http:\/\/lamendigapolitica.com\/blog\/?p=38434"},"modified":"2016-07-13T15:57:49","modified_gmt":"2016-07-13T20:57:49","slug":"nuestra-poblacion","status":"publish","type":"post","link":"https:\/\/lamendigapolitica.com\/?p=38434","title":{"rendered":"Nuestra poblaci\u00f3n"},"content":{"rendered":"<p><a href=\"https:\/\/lamendigapolitica.com\/blog\/blog\/wp-content\/uploads\/2016\/07\/IMG-20160523-WA0009-1.jpg\" rel=\"attachment wp-att-38435\"><img loading=\"lazy\" decoding=\"async\" class=\"alignleft size-thumbnail wp-image-38435\" src=\"https:\/\/lamendigapolitica.com\/blog\/blog\/wp-content\/uploads\/2016\/07\/IMG-20160523-WA0009-1-150x150.jpg\" alt=\"IMG-20160523-WA0009\" width=\"150\" height=\"150\" srcset=\"https:\/\/lamendigapolitica.com\/wp-content\/uploads\/2016\/07\/IMG-20160523-WA0009-1-150x150.jpg 150w, https:\/\/lamendigapolitica.com\/wp-content\/uploads\/2016\/07\/IMG-20160523-WA0009-1-300x300.jpg 300w, https:\/\/lamendigapolitica.com\/wp-content\/uploads\/2016\/07\/IMG-20160523-WA0009-1.jpg 512w\" sizes=\"auto, (max-width: 150px) 100vw, 150px\" \/><\/a><\/p>\n<h3><span style=\"color: #008080;\">EN2RUEDAS\/Jes\u00fas Casillas<\/span><\/h3>\n<p>El 11 de julio se celebr\u00f3 a nivel internacional el D\u00eda Mundial de la Poblaci\u00f3n que, desde su instituci\u00f3n en 1989, busca concientizar sobre los problemas derivados del crecimiento demogr\u00e1fico en diferentes \u00e1mbitos como el ambiental, la pobreza, el desarrollo, entre otros.<\/p>\n<p>De acuerdo con la Organizaci\u00f3n de Naciones Unidas (ONU), en 2015 la poblaci\u00f3n mundial alcanz\u00f3 los 7,349 millones de habitantes, mientras que en 1950 s\u00f3lo se contabilizaban 2 mil 500 millones, es decir, un aumento de m\u00e1s de 180% en s\u00f3lo 60 a\u00f1os.<\/p>\n<p>En el caso de M\u00e9xico, la poblaci\u00f3n pas\u00f3 de 25.7 millones habitantes a 119.5 millones en el mismo per\u00edodo, lo que representa un aumento aproximado del 360%, y las proyecciones indican que en 2050 alcanzar\u00e1 los 150 millones de habitantes.<\/p>\n<p>Este aumento poblacional plantea grandes retos como son el acceso a los servicios b\u00e1sicos de salud, vivienda, alimentaci\u00f3n, seguridad social y educaci\u00f3n, sin embargo, tambi\u00e9n conlleva retos de urbanismo y movilidad.<\/p>\n<p>De acuerdo con el Instituto Nacional de Estad\u00edstica y Geograf\u00eda (INEGI), el 62% de la poblaci\u00f3n mexicana se concentra en localidades de 15 mil o m\u00e1s habitantes, que constituyen las zonas urbanas; no obstante, su distribuci\u00f3n territorial se encuentra muy concentrada en las principales ciudades del pa\u00eds.<\/p>\n<p>19.7 millones de personas viven en una entidad diferente a la que nacieron, el Estado de M\u00e9xico cuenta con el mayor n\u00famero de oriundos de otra entidad con 5.6 millones de personas, seg\u00fan la Comisi\u00f3n Nacional de Poblaci\u00f3n (CONAPO).<\/p>\n<p>Uno de cada cinco migrantes internos proviene de la Ciudad de M\u00e9xico, el principal centro urbano del pa\u00eds, siendo la entidad que m\u00e1s migrantes arroja hacia otros estados de la Rep\u00fablica. El principal flujo migratorio, tiene como origen la Ciudad de M\u00e9xico y como destino el Estado de M\u00e9xico, con 3.5 millones.<\/p>\n<p>Asimismo, la CONAPO se\u00f1ala que la movilidad laboral dentro de las tres metr\u00f3polis m\u00e1s pobladas del pa\u00eds, el Valle de M\u00e9xico, Guadalajara y Monterrey est\u00e1 aumentando; tan s\u00f3lo en 2010, en el Valle de M\u00e9xico hab\u00eda 3.3 millones de trabajadores provenientes de otra poblaci\u00f3n, en Guadalajara 477 mil y en Monterrey 610 mil.<\/p>\n<p>Estas cifras representan respectivamente el 42%, 26% y 39% de la poblaci\u00f3n ocupada de cada una de esas \u00e1reas urbanas; estas cifras revelan la fuerte centralizaci\u00f3n de las actividades laborales en las principales ciudades y zonas urbanas del pa\u00eds.<\/p>\n<p>Este fen\u00f3meno ha sido origen de innumerables problemas de movilidad urbana y productividad. Los embotellamientos, el aumento en los tiempos de traslado y accidentes, as\u00ed como los altos niveles de contaminaci\u00f3n que afectan la calidad de vida de las personas son algunos de los principales efectos de las grandes metr\u00f3polis.<\/p>\n<p>Para la Comisi\u00f3n Econ\u00f3mica para Am\u00e9rica Latina y el Caribe (CEPAL), la migraci\u00f3n interna es un componente decisivo de los procesos de redistribuci\u00f3n espacial de la poblaci\u00f3n, el cual se asocia con condiciones de rezago econ\u00f3mico y social y que tiene efectos demogr\u00e1ficos, sociales, culturales y econ\u00f3micos.<\/p>\n<p>Frente a este escenario, resulta fundamental la construcci\u00f3n de pol\u00edticas p\u00fablicas de planeaci\u00f3n urbana, de acceso a los servicios b\u00e1sicos y a una movilidad urbana sustentable, como elementos esenciales en este proceso poblacional para lograr h\u00e1bitats eficientes, seguros y pr\u00f3speros para los todos los mexicanos.<\/p>\n<h3>Senador por Jalisco<\/h3>\n<h3>@JesusCasillas06<\/h3>\n","protected":false},"excerpt":{"rendered":"<p>EN2RUEDAS\/Jes\u00fas Casillas El 11 de julio se celebr\u00f3 a nivel internacional el D\u00eda Mundial de la Poblaci\u00f3n que, desde su instituci\u00f3n en 1989, busca concientizar sobre los problemas derivados del crecimiento demogr\u00e1fico en diferentes \u00e1mbitos como el ambiental, la pobreza, el desarrollo, entre otros. De acuerdo con la Organizaci\u00f3n de Naciones Unidas (ONU), en 2015 &hellip; <\/p>\n<p><a class=\"more-link btn\" href=\"https:\/\/lamendigapolitica.com\/?p=38434\">Seguir leyendo<\/a><\/p>\n","protected":false},"author":1,"featured_media":0,"comment_status":"open","ping_status":"closed","sticky":false,"template":"","format":"standard","meta":{"footnotes":""},"categories":[1,6,26,23,30,20,31,5,3,27],"tags":[],"class_list":["post-38434","post","type-post","status-publish","format-standard","hentry","category-columnista","category-congreso","category-cultura","category-deportes","category-economia","category-gobierno","category-internacional","category-partidos","category-politica","category-seguridad","item-wrap"],"_links":{"self":[{"href":"https:\/\/lamendigapolitica.com\/index.php?rest_route=\/wp\/v2\/posts\/38434","targetHints":{"allow":["GET"]}}],"collection":[{"href":"https:\/\/lamendigapolitica.com\/index.php?rest_route=\/wp\/v2\/posts"}],"about":[{"href":"https:\/\/lamendigapolitica.com\/index.php?rest_route=\/wp\/v2\/types\/post"}],"author":[{"embeddable":true,"href":"https:\/\/lamendigapolitica.com\/index.php?rest_route=\/wp\/v2\/users\/1"}],"replies":[{"embeddable":true,"href":"https:\/\/lamendigapolitica.com\/index.php?rest_route=%2Fwp%2Fv2%2Fcomments&post=38434"}],"version-history":[{"count":1,"href":"https:\/\/lamendigapolitica.com\/index.php?rest_route=\/wp\/v2\/posts\/38434\/revisions"}],"predecessor-version":[{"id":38436,"href":"https:\/\/lamendigapolitica.com\/index.php?rest_route=\/wp\/v2\/posts\/38434\/revisions\/38436"}],"wp:attachment":[{"href":"https:\/\/lamendigapolitica.com\/index.php?rest_route=%2Fwp%2Fv2%2Fmedia&parent=38434"}],"wp:term":[{"taxonomy":"category","embeddable":true,"href":"https:\/\/lamendigapolitica.com\/index.php?rest_route=%2Fwp%2Fv2%2Fcategories&post=38434"},{"taxonomy":"post_tag","embeddable":true,"href":"https:\/\/lamendigapolitica.com\/index.php?rest_route=%2Fwp%2Fv2%2Ftags&post=38434"}],"curies":[{"name":"wp","href":"https:\/\/api.w.org\/{rel}","templated":true}]}}