{"id":38416,"date":"2016-07-13T09:35:57","date_gmt":"2016-07-13T14:35:57","guid":{"rendered":"http:\/\/lamendigapolitica.com\/blog\/?p=38416"},"modified":"2016-07-13T09:35:57","modified_gmt":"2016-07-13T14:35:57","slug":"david-cameron-se-despide-del-parlamente-britanico-entre-aplausos","status":"publish","type":"post","link":"https:\/\/lamendigapolitica.com\/?p=38416","title":{"rendered":"David Cameron se despide del Parlamente brit\u00e1nico entre aplausos"},"content":{"rendered":"<p><a href=\"https:\/\/lamendigapolitica.com\/blog\/blog\/wp-content\/uploads\/2016\/07\/David-Cameron.jpg\" rel=\"attachment wp-att-38417\"><img loading=\"lazy\" decoding=\"async\" class=\"aligncenter  wp-image-38417\" src=\"https:\/\/lamendigapolitica.com\/blog\/blog\/wp-content\/uploads\/2016\/07\/David-Cameron.jpg\" alt=\"David Cameron\" width=\"395\" height=\"263\" \/><\/a><\/p>\n<p>David Cameron recibi\u00f3 hoy el aplauso de los diputados brit\u00e1nicos en su \u00faltima sesi\u00f3n de preguntas al primer ministro en la C\u00e1mara de los Comunes, marcada por debates sobre pol\u00edtica nacional pero con mucho sentido del humor. Cameron, que ser\u00e1 sustituido hoy por la titular de Interior, Theresa May, presidi\u00f3 esta \u00faltima sesi\u00f3n antes de acudir al palacio de Buckingham para presentar su dimisi\u00f3n a la reina Isabel II.<\/p>\n<p>&nbsp;<\/p>\n<p>Al concluir el debate, destac\u00f3 la importancia de la pol\u00edtica como servicio al pa\u00eds y recalc\u00f3 que los diputados entran en este trabajo con \u201cpasi\u00f3n\u201d para ayudar a los ciudadanos. Tambi\u00e9n admiti\u00f3 que echar\u00e1 de menos los \u201crugidos\u201d que hacen los diputados en las sesiones parlamentarias cuando tratan de expresar si est\u00e1n o no de acuerdo con lo que se est\u00e1 debatiendo. Cameron, que lleg\u00f3 al poder en 2010, concluy\u00f3 su intervenci\u00f3n parlamentaria diciendo: \u201cuna vez yo tambi\u00e9n fui el futuro\u201d.<\/p>\n<p>&nbsp;<\/p>\n<p>Durante la media hora de debate, Cameron se refiri\u00f3 al futuro del Reino Unido fuera de la Uni\u00f3n Europea -tras el triunfo del \u201cbrexit\u201d (salida del bloque) en el refer\u00e9ndum del 23 de junio- al pedir a su sucesora, que calific\u00f3 como una \u201cnegociadora brillante\u201d, que busque mantener lazos \u201clo m\u00e1s cercanos posibles\u201d con Europa.\u00a0 La sesi\u00f3n estuvo marcada por comentarios graciosos e ingeniosos, como los trabajos a los que pod\u00eda optar el \u201cpremier\u201d saliente, como su participaci\u00f3n en el programa del motor \u201cTop Gear\u201d o \u201cMira quien baila\u201d, muy populares en el Reino Unido.<\/p>\n<p>&nbsp;<\/p>\n<p>Adem\u00e1s, Cameron mostr\u00f3 una foto en la que aparece \u00e9l con el gato \u201cLarry\u201d de la residencia de Downing Street, y confirm\u00f3: \u201clo quiero\u201d, despu\u00e9s de los rumores de la prensa sobre todo lo contrario, lo que provoc\u00f3 una explosi\u00f3n de risas de los diputados.<\/p>\n","protected":false},"excerpt":{"rendered":"<p>David Cameron recibi\u00f3 hoy el aplauso de los diputados brit\u00e1nicos en su \u00faltima sesi\u00f3n de preguntas al primer ministro en la C\u00e1mara de los Comunes, marcada por debates sobre pol\u00edtica nacional pero con mucho sentido del humor. Cameron, que ser\u00e1 sustituido hoy por la titular de Interior, Theresa May, presidi\u00f3 esta \u00faltima sesi\u00f3n antes de &hellip; <\/p>\n<p><a class=\"more-link btn\" href=\"https:\/\/lamendigapolitica.com\/?p=38416\">Seguir leyendo<\/a><\/p>\n","protected":false},"author":1,"featured_media":0,"comment_status":"open","ping_status":"closed","sticky":false,"template":"","format":"standard","meta":{"footnotes":""},"categories":[6,20,31,5,3],"tags":[],"class_list":["post-38416","post","type-post","status-publish","format-standard","hentry","category-congreso","category-gobierno","category-internacional","category-partidos","category-politica","item-wrap"],"_links":{"self":[{"href":"https:\/\/lamendigapolitica.com\/index.php?rest_route=\/wp\/v2\/posts\/38416","targetHints":{"allow":["GET"]}}],"collection":[{"href":"https:\/\/lamendigapolitica.com\/index.php?rest_route=\/wp\/v2\/posts"}],"about":[{"href":"https:\/\/lamendigapolitica.com\/index.php?rest_route=\/wp\/v2\/types\/post"}],"author":[{"embeddable":true,"href":"https:\/\/lamendigapolitica.com\/index.php?rest_route=\/wp\/v2\/users\/1"}],"replies":[{"embeddable":true,"href":"https:\/\/lamendigapolitica.com\/index.php?rest_route=%2Fwp%2Fv2%2Fcomments&post=38416"}],"version-history":[{"count":1,"href":"https:\/\/lamendigapolitica.com\/index.php?rest_route=\/wp\/v2\/posts\/38416\/revisions"}],"predecessor-version":[{"id":38418,"href":"https:\/\/lamendigapolitica.com\/index.php?rest_route=\/wp\/v2\/posts\/38416\/revisions\/38418"}],"wp:attachment":[{"href":"https:\/\/lamendigapolitica.com\/index.php?rest_route=%2Fwp%2Fv2%2Fmedia&parent=38416"}],"wp:term":[{"taxonomy":"category","embeddable":true,"href":"https:\/\/lamendigapolitica.com\/index.php?rest_route=%2Fwp%2Fv2%2Fcategories&post=38416"},{"taxonomy":"post_tag","embeddable":true,"href":"https:\/\/lamendigapolitica.com\/index.php?rest_route=%2Fwp%2Fv2%2Ftags&post=38416"}],"curies":[{"name":"wp","href":"https:\/\/api.w.org\/{rel}","templated":true}]}}