{"id":38410,"date":"2016-07-12T19:46:36","date_gmt":"2016-07-13T00:46:36","guid":{"rendered":"http:\/\/lamendigapolitica.com\/blog\/?p=38410"},"modified":"2016-07-12T19:46:36","modified_gmt":"2016-07-13T00:46:36","slug":"enrique-ochoa-nuevo-lider-nacional-del-pri","status":"publish","type":"post","link":"https:\/\/lamendigapolitica.com\/?p=38410","title":{"rendered":"Enrique Ochoa  nuevo l\u00edder nacional del PRI"},"content":{"rendered":"<p><a href=\"https:\/\/lamendigapolitica.com\/blog\/blog\/wp-content\/uploads\/2016\/07\/ochoa.jpg\" rel=\"attachment wp-att-38411\"><img loading=\"lazy\" decoding=\"async\" class=\"aligncenter  wp-image-38411\" src=\"https:\/\/lamendigapolitica.com\/blog\/blog\/wp-content\/uploads\/2016\/07\/ochoa.jpg\" alt=\"ochoa\" width=\"372\" height=\"228\" \/><\/a><\/p>\n<p>&nbsp;<\/p>\n<p>Un llamado a abrir las puertas del partido a la sociedad, a la cr\u00edtica y a la autocr\u00edtica, analizar errores y ofrecer a los problemas del pa\u00eds soluciones constructivas que ayuden a recuperar la confianza propia y de la gente en el partido, pidi\u00f3 a sus correligionarios Enrique Ochoa Reza rindi\u00f3 este martes protesta como nuevo presidente nacional del PRI<\/p>\n<p>&nbsp;<\/p>\n<p>Ante la presencia de destacados militantes, secretarios de estado, gobernadores, legisladores y l\u00edderes de sectores y organizaciones de este instituto pol\u00edtico, el otrora titular de la Comisi\u00f3n Federal de Electricidad (CFE), asumi\u00f3 el compromiso de liderar con responsabilidad y entrega al partido y reconoci\u00f3 que el partido enfrenta diversos problemas, ante los cuales se requieren soluciones democr\u00e1ticas para \u201cconectar\u201d\u00a0 de nuevo con los ciudadanos.<\/p>\n<p>&nbsp;<\/p>\n<p>Afirm\u00f3 que se deben abrirse a toda la sociedad, analizar los errores cometidos, y por los que se perdieron las pasadas elecciones. Debemos encabezar el debate, dialogar y escuchar a la gente para retomar la confianza en nosotros y en la ciudadan\u00eda\u201d, manifest\u00f3 el nuevo l\u00edder del partido tricolor.<\/p>\n<p>&nbsp;<\/p>\n<p>Sostuvo que el PRI es un partido de j\u00f3venes, no de edad, sino de actitud, por lo que en esa fuerza pol\u00edtica caben todas las generaciones y este d\u00eda inicia una nueva etapa encaminada a conectar de nuevo con los ciudadanos. El PRI es un partido de j\u00f3venes con convicci\u00f3n y de generaciones con talento y experiencia\u2026 En los primeros 100 d\u00edas, visitar\u00e9 las 32 entidades del pa\u00eds, quiero dialogar abiertamente con la militancia\u201d, dijo.<\/p>\n<p>&nbsp;<\/p>\n<p>Ochoa Reza anunci\u00f3 la integraci\u00f3n de un Comit\u00e9 Ejecutivo Nacional del PRI con paridad de g\u00e9nero y con representantes de todos los estados. El nuevo l\u00edder del PRI tambi\u00e9n anunci\u00f3 que esta semana har\u00e1 p\u00fablica su declaraci\u00f3n patrimonial. Destac\u00f3 que el presidente Enrique Pe\u00f1a Nieto es el mayor activo del PRI y se pronunci\u00f3 por la necesidad de construir una nueva y moderna relaci\u00f3n entre el gobierno y el partido. Adem\u00e1s, reiter\u00f3 que durante sus primeros 100 d\u00edas de liderazgo visitar\u00e1 todos los estados de la Rep\u00fablica para dialogar abiertamente con la militancia.<\/p>\n","protected":false},"excerpt":{"rendered":"<p>&nbsp; Un llamado a abrir las puertas del partido a la sociedad, a la cr\u00edtica y a la autocr\u00edtica, analizar errores y ofrecer a los problemas del pa\u00eds soluciones constructivas que ayuden a recuperar la confianza propia y de la gente en el partido, pidi\u00f3 a sus correligionarios Enrique Ochoa Reza rindi\u00f3 este martes protesta &hellip; <\/p>\n<p><a class=\"more-link btn\" href=\"https:\/\/lamendigapolitica.com\/?p=38410\">Seguir leyendo<\/a><\/p>\n","protected":false},"author":1,"featured_media":0,"comment_status":"open","ping_status":"closed","sticky":false,"template":"","format":"standard","meta":{"footnotes":""},"categories":[6,20,5,3],"tags":[],"class_list":["post-38410","post","type-post","status-publish","format-standard","hentry","category-congreso","category-gobierno","category-partidos","category-politica","item-wrap"],"_links":{"self":[{"href":"https:\/\/lamendigapolitica.com\/index.php?rest_route=\/wp\/v2\/posts\/38410","targetHints":{"allow":["GET"]}}],"collection":[{"href":"https:\/\/lamendigapolitica.com\/index.php?rest_route=\/wp\/v2\/posts"}],"about":[{"href":"https:\/\/lamendigapolitica.com\/index.php?rest_route=\/wp\/v2\/types\/post"}],"author":[{"embeddable":true,"href":"https:\/\/lamendigapolitica.com\/index.php?rest_route=\/wp\/v2\/users\/1"}],"replies":[{"embeddable":true,"href":"https:\/\/lamendigapolitica.com\/index.php?rest_route=%2Fwp%2Fv2%2Fcomments&post=38410"}],"version-history":[{"count":1,"href":"https:\/\/lamendigapolitica.com\/index.php?rest_route=\/wp\/v2\/posts\/38410\/revisions"}],"predecessor-version":[{"id":38412,"href":"https:\/\/lamendigapolitica.com\/index.php?rest_route=\/wp\/v2\/posts\/38410\/revisions\/38412"}],"wp:attachment":[{"href":"https:\/\/lamendigapolitica.com\/index.php?rest_route=%2Fwp%2Fv2%2Fmedia&parent=38410"}],"wp:term":[{"taxonomy":"category","embeddable":true,"href":"https:\/\/lamendigapolitica.com\/index.php?rest_route=%2Fwp%2Fv2%2Fcategories&post=38410"},{"taxonomy":"post_tag","embeddable":true,"href":"https:\/\/lamendigapolitica.com\/index.php?rest_route=%2Fwp%2Fv2%2Ftags&post=38410"}],"curies":[{"name":"wp","href":"https:\/\/api.w.org\/{rel}","templated":true}]}}