{"id":38404,"date":"2016-07-12T19:11:50","date_gmt":"2016-07-13T00:11:50","guid":{"rendered":"http:\/\/lamendigapolitica.com\/blog\/?p=38404"},"modified":"2016-07-12T19:11:50","modified_gmt":"2016-07-13T00:11:50","slug":"continuan-revisando-a-la-minerva","status":"publish","type":"post","link":"https:\/\/lamendigapolitica.com\/?p=38404","title":{"rendered":"Contin\u00faan revisando a la Minerva"},"content":{"rendered":"<p><a href=\"https:\/\/lamendigapolitica.com\/blog\/blog\/wp-content\/uploads\/2016\/07\/minerva.jpg\" rel=\"attachment wp-att-38405\"><img loading=\"lazy\" decoding=\"async\" class=\"aligncenter  wp-image-38405\" src=\"https:\/\/lamendigapolitica.com\/blog\/blog\/wp-content\/uploads\/2016\/07\/minerva.jpg\" alt=\"minerva\" width=\"359\" height=\"239\" \/><\/a><\/p>\n<p>&nbsp;<\/p>\n<p>La secretaria de Cultura Myriam Vachez, dijo que una vez que est\u00e9 listo el an\u00e1lisis que s realiza a la estructura del monumento de la Minerva se presentar\u00e1 el proyecto de remodelaci\u00f3n ya que desde que se instal\u00f3 en 1954 no se le ha realizado ning\u00fan tipo de mantenimiento.<\/p>\n<p>&nbsp;<\/p>\n<p>De momento ya se a replanteado la inversi\u00f3n de ocho millones de pesos que inicialmente se hab\u00eda propuesto y que levant\u00f3 oleadas de indignaci\u00f3n en la sociedad, y por lo que a\u00fan no se decide cu\u00e1nto ser\u00e1 lo que se debe invertir, reconoci\u00f3 Ignacio G\u00f3mez Arreola, consultor en investigaci\u00f3n y preservaci\u00f3n del patrimonio cultural.<\/p>\n<p>&nbsp;<\/p>\n<p>La situaci\u00f3n de deterioro no es exclusiva del simb\u00f3lico monumento de la Minerva, dijo se\u00f1alando a otras esculturas de la ciudad como la rotonda de los hombres ilustres deben de recibir mantenimiento al igual que los templos de la ciudad ya que est\u00e1n a merced de las inclemencias del tiempo y la contaminaci\u00f3n.<\/p>\n<p>Esta es una situaci\u00f3n que debe ser atendida, dijo G\u00f3mez Arreola , quien insisti\u00f3 en que es un deber de la autoridad \u201c a veces no se puede pero si no se inicia nunca se termina\u00bb, finaliz\u00f3.<\/p>\n","protected":false},"excerpt":{"rendered":"<p>&nbsp; La secretaria de Cultura Myriam Vachez, dijo que una vez que est\u00e9 listo el an\u00e1lisis que s realiza a la estructura del monumento de la Minerva se presentar\u00e1 el proyecto de remodelaci\u00f3n ya que desde que se instal\u00f3 en 1954 no se le ha realizado ning\u00fan tipo de mantenimiento. &nbsp; De momento ya se &hellip; <\/p>\n<p><a class=\"more-link btn\" href=\"https:\/\/lamendigapolitica.com\/?p=38404\">Seguir leyendo<\/a><\/p>\n","protected":false},"author":1,"featured_media":0,"comment_status":"open","ping_status":"closed","sticky":false,"template":"","format":"standard","meta":{"footnotes":""},"categories":[6,20,5],"tags":[],"class_list":["post-38404","post","type-post","status-publish","format-standard","hentry","category-congreso","category-gobierno","category-partidos","item-wrap"],"_links":{"self":[{"href":"https:\/\/lamendigapolitica.com\/index.php?rest_route=\/wp\/v2\/posts\/38404","targetHints":{"allow":["GET"]}}],"collection":[{"href":"https:\/\/lamendigapolitica.com\/index.php?rest_route=\/wp\/v2\/posts"}],"about":[{"href":"https:\/\/lamendigapolitica.com\/index.php?rest_route=\/wp\/v2\/types\/post"}],"author":[{"embeddable":true,"href":"https:\/\/lamendigapolitica.com\/index.php?rest_route=\/wp\/v2\/users\/1"}],"replies":[{"embeddable":true,"href":"https:\/\/lamendigapolitica.com\/index.php?rest_route=%2Fwp%2Fv2%2Fcomments&post=38404"}],"version-history":[{"count":1,"href":"https:\/\/lamendigapolitica.com\/index.php?rest_route=\/wp\/v2\/posts\/38404\/revisions"}],"predecessor-version":[{"id":38406,"href":"https:\/\/lamendigapolitica.com\/index.php?rest_route=\/wp\/v2\/posts\/38404\/revisions\/38406"}],"wp:attachment":[{"href":"https:\/\/lamendigapolitica.com\/index.php?rest_route=%2Fwp%2Fv2%2Fmedia&parent=38404"}],"wp:term":[{"taxonomy":"category","embeddable":true,"href":"https:\/\/lamendigapolitica.com\/index.php?rest_route=%2Fwp%2Fv2%2Fcategories&post=38404"},{"taxonomy":"post_tag","embeddable":true,"href":"https:\/\/lamendigapolitica.com\/index.php?rest_route=%2Fwp%2Fv2%2Ftags&post=38404"}],"curies":[{"name":"wp","href":"https:\/\/api.w.org\/{rel}","templated":true}]}}