{"id":38397,"date":"2016-07-12T11:48:38","date_gmt":"2016-07-12T16:48:38","guid":{"rendered":"http:\/\/lamendigapolitica.com\/blog\/?p=38397"},"modified":"2016-07-12T11:48:38","modified_gmt":"2016-07-12T16:48:38","slug":"desigualdad-y-pobreza-inseguridad","status":"publish","type":"post","link":"https:\/\/lamendigapolitica.com\/?p=38397","title":{"rendered":"Desigualdad y pobreza = inseguridad"},"content":{"rendered":"<h3><a href=\"https:\/\/lamendigapolitica.com\/blog\/blog\/wp-content\/uploads\/2016\/07\/CAMILO-AVATAR.jpg\" rel=\"attachment wp-att-38398\"><img loading=\"lazy\" decoding=\"async\" class=\"alignleft size-thumbnail wp-image-38398\" src=\"https:\/\/lamendigapolitica.com\/blog\/blog\/wp-content\/uploads\/2016\/07\/CAMILO-AVATAR-131x150.jpg\" alt=\"CAMILO-AVATAR\" width=\"131\" height=\"150\" \/><\/a><span style=\"color: #008080;\">CENTAURO\/Camilo Gonz\u00e1lez Lara<\/span><\/h3>\n<p>El que nace, inclinado por la uni\u00f3n y la asociaci\u00f3n con sus semejantes tanto dom\u00e9stica como civil, est\u00e1 ordenado por la naturaleza a vivir en comunidad pol\u00edtica, sin embargo, blanco del odio, de la malevolencia y la concupiscencia, la vida colectiva, en cualquiera de sus modos de expresi\u00f3n, ha carecido de orden, generando pobreza y desigualdad.<\/p>\n<p>La calidad de los servicios para la poblaci\u00f3n es a\u00fan insuficiente y el acceso efectivo a los derechos sociales no favorece a nuestras familias por La desigualdad en la distribuci\u00f3n del ingreso; es de indignaci\u00f3n que mientras la riqueza de los 4 millonarios m\u00e1s ricos de M\u00e9xico representa ya el 9% del PIB mexicano, m\u00e1s de la mitad de los y las mexicanas permanece en pobreza.<\/p>\n<p>En mi tr\u00e1nsito por el municipio de Tlaquepaque, me ha causado estupor las condiciones de m\u00e1s de 212,000 individuos en pobreza, con un ingreso inferior a la l\u00ednea de bienestar y admiraci\u00f3n por las m\u00e1s de 34,500 jefas de familia.<\/p>\n<p>He sido testigo de viviendas que no disponen de agua entubada de la red p\u00fablica, con piso de tierra, con un solo cuarto, que no disponen de drenaje, que no poseen ning\u00fan bien y no disponen de energ\u00eda el\u00e9ctrica.<\/p>\n<p>Avecindados con educaci\u00f3n b\u00e1sica incompleta, sin derechohabiencia a servicios de salud, ni\u00f1os que no asisten a la escuela, adultos analfabetos.<\/p>\n<p>Con penuria en alimentaci\u00f3n.<\/p>\n<p>No es dif\u00edcil determinar el car\u00e1cter y la forma que tendr\u00e1 la sociedad pol\u00edtica cuando la filosof\u00eda gobierne, como adquisici\u00f3n de los tiempos modernos y producto de una libertad progresiva, y no la atrocidad de la calumnia y la denostaci\u00f3n que arma y aguza sin motivo, y que abonan a estos males.<\/p>\n<p>El enfado y la incredulidad persisten en la ciudadan\u00eda, ya no importa el color o la simpat\u00eda partidista, hasta la formula independiente es cuestionada.<\/p>\n<p>Las carencias materiales de los que est\u00e1n privados del m\u00ednimo vital y las carencias morales de los que est\u00e1n mutilados por el ego\u00edsmo, son fertilizante y levadura para la inseguridad.<\/p>\n<p>Persevero en quien pueda aplicar su esfuerzo inteligente para valorizarla y mediante su trabajo lograr que los que \u00a8valen por tres\u00a8, florezcan y se consoliden.<\/p>\n<p>Ellos aspiran a verse libres de la miseria, hallar con m\u00e1s seguridad la propia subsistencia, la salud, una ocupaci\u00f3n estable; participar todav\u00eda m\u00e1s en las responsabilidades, fuera de toda opresi\u00f3n y al retiro de situaciones que ofenden su dignidad de hombres; ser m\u00e1s instruidos.<\/p>\n<p>En una palabra, hacer, conocer y tener m\u00e1s para ser m\u00e1s; tal es la aspiraci\u00f3n de muchos que radican en esta comuna, mientras que un gran n\u00famero de ellos se ven condenados a vivir en condiciones, que hacen ilusorio este leg\u00edtimo deseo.<\/p>\n<p>La pobreza y la desigualdad, no son ya temas desasociados de la seguridad p\u00fablica tienen un car\u00e1cter estructural y no solo coyuntural.<\/p>\n<p>Es cierto que hay situaciones cuya injusticia clama al cielo; la empresa est\u00e1 en deuda con los suyos y carece de presupuesto y a veces de imaginaci\u00f3n.<\/p>\n<p>La Seguridad ciudadana tendr\u00e1 que ser el motor para la cohesi\u00f3n social y la inversi\u00f3n, impulsando la econom\u00eda local y la capacidad de compra, y por lo tanto el mercado interno despegar\u00eda,<\/p>\n<p>Ahorrar ser\u00e1 mucho m\u00e1s f\u00e1cil sin temor a ser despojados y las familias acumular\u00edan lo suficiente para poder emprender; convencido estoy que la progesterona y los ovarios de la que hoy gobierna abonara a este concepto real y material en beneficio de un proyecto mucho m\u00e1s ambicioso\u2026 el bienestar de tu familia.<\/p>\n<h3>Comisario de la Polic\u00eda de Tlaquepaque<\/h3>\n<h3>@CamiloGlezLara<\/h3>\n","protected":false},"excerpt":{"rendered":"<p>CENTAURO\/Camilo Gonz\u00e1lez Lara El que nace, inclinado por la uni\u00f3n y la asociaci\u00f3n con sus semejantes tanto dom\u00e9stica como civil, est\u00e1 ordenado por la naturaleza a vivir en comunidad pol\u00edtica, sin embargo, blanco del odio, de la malevolencia y la concupiscencia, la vida colectiva, en cualquiera de sus modos de expresi\u00f3n, ha carecido de orden, &hellip; <\/p>\n<p><a class=\"more-link btn\" href=\"https:\/\/lamendigapolitica.com\/?p=38397\">Seguir leyendo<\/a><\/p>\n","protected":false},"author":1,"featured_media":0,"comment_status":"open","ping_status":"closed","sticky":false,"template":"","format":"standard","meta":{"footnotes":""},"categories":[1,6,20,31,5,3,27],"tags":[],"class_list":["post-38397","post","type-post","status-publish","format-standard","hentry","category-columnista","category-congreso","category-gobierno","category-internacional","category-partidos","category-politica","category-seguridad","item-wrap"],"_links":{"self":[{"href":"https:\/\/lamendigapolitica.com\/index.php?rest_route=\/wp\/v2\/posts\/38397","targetHints":{"allow":["GET"]}}],"collection":[{"href":"https:\/\/lamendigapolitica.com\/index.php?rest_route=\/wp\/v2\/posts"}],"about":[{"href":"https:\/\/lamendigapolitica.com\/index.php?rest_route=\/wp\/v2\/types\/post"}],"author":[{"embeddable":true,"href":"https:\/\/lamendigapolitica.com\/index.php?rest_route=\/wp\/v2\/users\/1"}],"replies":[{"embeddable":true,"href":"https:\/\/lamendigapolitica.com\/index.php?rest_route=%2Fwp%2Fv2%2Fcomments&post=38397"}],"version-history":[{"count":1,"href":"https:\/\/lamendigapolitica.com\/index.php?rest_route=\/wp\/v2\/posts\/38397\/revisions"}],"predecessor-version":[{"id":38399,"href":"https:\/\/lamendigapolitica.com\/index.php?rest_route=\/wp\/v2\/posts\/38397\/revisions\/38399"}],"wp:attachment":[{"href":"https:\/\/lamendigapolitica.com\/index.php?rest_route=%2Fwp%2Fv2%2Fmedia&parent=38397"}],"wp:term":[{"taxonomy":"category","embeddable":true,"href":"https:\/\/lamendigapolitica.com\/index.php?rest_route=%2Fwp%2Fv2%2Fcategories&post=38397"},{"taxonomy":"post_tag","embeddable":true,"href":"https:\/\/lamendigapolitica.com\/index.php?rest_route=%2Fwp%2Fv2%2Ftags&post=38397"}],"curies":[{"name":"wp","href":"https:\/\/api.w.org\/{rel}","templated":true}]}}