{"id":38388,"date":"2016-07-12T09:56:01","date_gmt":"2016-07-12T14:56:01","guid":{"rendered":"http:\/\/lamendigapolitica.com\/blog\/?p=38388"},"modified":"2016-07-12T09:56:01","modified_gmt":"2016-07-12T14:56:01","slug":"contaminacion-y-estres-afectan-su-desarrollo-neurologico","status":"publish","type":"post","link":"https:\/\/lamendigapolitica.com\/?p=38388","title":{"rendered":"Contaminaci\u00f3n y estr\u00e9s afectan su desarrollo neurol\u00f3gico"},"content":{"rendered":"<p><a href=\"https:\/\/lamendigapolitica.com\/blog\/blog\/wp-content\/uploads\/2016\/07\/contaminacion.jpg\" rel=\"attachment wp-att-38389\"><img loading=\"lazy\" decoding=\"async\" class=\"aligncenter  wp-image-38389\" src=\"https:\/\/lamendigapolitica.com\/blog\/blog\/wp-content\/uploads\/2016\/07\/contaminacion.jpg\" alt=\"contaminacion\" width=\"379\" height=\"252\" \/><\/a><\/p>\n<p>&nbsp;<\/p>\n<p>La alimentaci\u00f3n, la contaminaci\u00f3n y factores durante el embarazo como el estr\u00e9s de la mam\u00e1 ya est\u00e1n modificando la expresi\u00f3n gen\u00e9tica de la poblaci\u00f3n. A ello se suma el hecho de que a los ni\u00f1os se les somete a una cantidad importante de est\u00edmulos desde sus primeros meses de vida, como las tabletas electr\u00f3nicas y dispositivos m\u00f3viles. Y esto, a decir de especialistas del Hospital Infantil de M\u00e9xico Federico G\u00f3mez impacta en la manera en c\u00f3mo se desarrollan sus cerebros y el aumento de enfermedades neurol\u00f3gicas, informa hoy Excelsior.<\/p>\n<p>&nbsp;<\/p>\n<p>\u201cEl cerebro, desde que se forma tiene que establecer que va tener un desarrollo normal. Esto tiene que estar perfectamente establecido gen\u00e9ticamente, pero lo que pasa es que hay demasiados factores que est\u00e1n modificando la expresi\u00f3n gen\u00e9tica\u201d, explic\u00f3 el doctor Eduardo Javier Barrag\u00e1n P\u00e9rez, jefe del departamento de neurolog\u00eda del Hospital Infantil de M\u00e9xico<\/p>\n<p>&nbsp;<\/p>\n<p>\u201cLa mayor\u00eda de las mujeres se pintan, se ponen crema o perfume, y todo eso va generando una modificaci\u00f3n qu\u00edmica en el cuerpo, entre m\u00e1s tiempo se mantenga esa exposici\u00f3n y m\u00e1s se tarden en tener hijos puede generar implicaciones sobre la expresi\u00f3n gen\u00e9tica\u201d, ejemplific\u00f3. Detall\u00f3 que el cerebro crece el primer a\u00f1o de vida entre diez y 12 cent\u00edmetros y va a volver a crecer entre diez y 12 cent\u00edmetros durante los siguientes 17 a\u00f1os.<\/p>\n<p>&nbsp;<\/p>\n<p>En este contexto llam\u00f3 a los padres a observar alteraciones o retraso en los hitos del desarrollo de sus hijos, a acudir con especialistas si notan que tardan en hablar, caminar, son muy agresivos o pasivos,\u00a0 porque seguramente requerir\u00e1n un tratamiento terap\u00e9utico y farmacol\u00f3gico, \u201cSi los ni\u00f1os tienen este comportamiento no es porque los pap\u00e1s no est\u00e1n ah\u00ed, es porque el circuito neuronal est\u00e1 teniendo un problema. Los padres necesitan acudir a un profesional: neur\u00f3logos, pediatras, para que les ayuden, y entre m\u00e1s temprano va a ser m\u00e1s f\u00e1cil ayudar a reorganizar estos circuitos\u201d, puntualiz\u00f3.<\/p>\n","protected":false},"excerpt":{"rendered":"<p>&nbsp; La alimentaci\u00f3n, la contaminaci\u00f3n y factores durante el embarazo como el estr\u00e9s de la mam\u00e1 ya est\u00e1n modificando la expresi\u00f3n gen\u00e9tica de la poblaci\u00f3n. A ello se suma el hecho de que a los ni\u00f1os se les somete a una cantidad importante de est\u00edmulos desde sus primeros meses de vida, como las tabletas electr\u00f3nicas &hellip; <\/p>\n<p><a class=\"more-link btn\" href=\"https:\/\/lamendigapolitica.com\/?p=38388\">Seguir leyendo<\/a><\/p>\n","protected":false},"author":1,"featured_media":0,"comment_status":"open","ping_status":"closed","sticky":false,"template":"","format":"standard","meta":{"footnotes":""},"categories":[20,31,29,27],"tags":[],"class_list":["post-38388","post","type-post","status-publish","format-standard","hentry","category-gobierno","category-internacional","category-salud","category-seguridad","item-wrap"],"_links":{"self":[{"href":"https:\/\/lamendigapolitica.com\/index.php?rest_route=\/wp\/v2\/posts\/38388","targetHints":{"allow":["GET"]}}],"collection":[{"href":"https:\/\/lamendigapolitica.com\/index.php?rest_route=\/wp\/v2\/posts"}],"about":[{"href":"https:\/\/lamendigapolitica.com\/index.php?rest_route=\/wp\/v2\/types\/post"}],"author":[{"embeddable":true,"href":"https:\/\/lamendigapolitica.com\/index.php?rest_route=\/wp\/v2\/users\/1"}],"replies":[{"embeddable":true,"href":"https:\/\/lamendigapolitica.com\/index.php?rest_route=%2Fwp%2Fv2%2Fcomments&post=38388"}],"version-history":[{"count":1,"href":"https:\/\/lamendigapolitica.com\/index.php?rest_route=\/wp\/v2\/posts\/38388\/revisions"}],"predecessor-version":[{"id":38390,"href":"https:\/\/lamendigapolitica.com\/index.php?rest_route=\/wp\/v2\/posts\/38388\/revisions\/38390"}],"wp:attachment":[{"href":"https:\/\/lamendigapolitica.com\/index.php?rest_route=%2Fwp%2Fv2%2Fmedia&parent=38388"}],"wp:term":[{"taxonomy":"category","embeddable":true,"href":"https:\/\/lamendigapolitica.com\/index.php?rest_route=%2Fwp%2Fv2%2Fcategories&post=38388"},{"taxonomy":"post_tag","embeddable":true,"href":"https:\/\/lamendigapolitica.com\/index.php?rest_route=%2Fwp%2Fv2%2Ftags&post=38388"}],"curies":[{"name":"wp","href":"https:\/\/api.w.org\/{rel}","templated":true}]}}