{"id":38385,"date":"2016-07-12T09:48:40","date_gmt":"2016-07-12T14:48:40","guid":{"rendered":"http:\/\/lamendigapolitica.com\/blog\/?p=38385"},"modified":"2016-07-12T09:48:40","modified_gmt":"2016-07-12T14:48:40","slug":"huracan-celia-ya-es-categoria-2","status":"publish","type":"post","link":"https:\/\/lamendigapolitica.com\/?p=38385","title":{"rendered":"Hurac\u00e1n Celia ya es categor\u00eda 2"},"content":{"rendered":"<p><a href=\"https:\/\/lamendigapolitica.com\/blog\/blog\/wp-content\/uploads\/2016\/07\/huracan.jpg\" rel=\"attachment wp-att-38386\"><img loading=\"lazy\" decoding=\"async\" class=\"aligncenter  wp-image-38386\" src=\"https:\/\/lamendigapolitica.com\/blog\/blog\/wp-content\/uploads\/2016\/07\/huracan.jpg\" alt=\"huracan\" width=\"354\" height=\"218\" \/><\/a><\/p>\n<p>&nbsp;<\/p>\n<p>La depresi\u00f3n tropical 5-E que se localiza en el Oc\u00e9ano Pac\u00edfico podr\u00eda intensificarse a tormenta tropical en las pr\u00f3ximas horas, mientras que el hurac\u00e1n Celia evoluciona a hurac\u00e1n categor\u00eda 2 en la escala Saffir-Simpson al incrementar la velocidad de sus vientos. El Servicio Meteorol\u00f3gico Nacional (SMN) detall\u00f3 que a las 7:00 horas de este martes, la depresi\u00f3n tropical se localiz\u00f3 530 kil\u00f3metros al suroeste de Manzanillo y a 460 km al sureste de Isla Socorro, Colima.<\/p>\n<p>&nbsp;<\/p>\n<p>El fen\u00f3meno clim\u00e1tico se desplaza hacia el oeste-noroeste a 15 kil\u00f3metros por hora, con vientos m\u00e1ximos sostenidos de 55 kil\u00f3metros por hora y rachas de hasta 75 kil\u00f3metros por hora. De acuerdo con el pron\u00f3stico, se espera que al mediod\u00eda, se ubique a 570 kil\u00f3metros al suroeste de Playa Perula, Jalisco y a 595 kil\u00f3metros al suroeste de Manzanillo; sus desprendimientos nubosos reforzaran el potencial de lluvias en el occidente del territorio nacional.<\/p>\n<p>&nbsp;<\/p>\n<p>A su vez, el hurac\u00e1n Celia se ubic\u00f3 aproximadamente a dos mil 25 kil\u00f3metros al oeste-suroeste de Cabo San Lucas, Baja California Sur, sin que afecte al pa\u00eds. El meteoro se desplaza hacia el oeste-noroeste a 17 kil\u00f3metros por hora, con vientos m\u00e1ximos sostenidos de 155 kil\u00f3metros por hora y rachas de hasta 195 kil\u00f3metros por hora.<\/p>\n<p>&nbsp;<\/p>\n<p>El Meteorol\u00f3gico Nacional exhort\u00f3 a la poblaci\u00f3n a tomar sus precauciones debido a las precipitaciones registradas en d\u00edas recientes han reblandecido el suelo en algunas regiones por lo que podr\u00eda haber deslaves, deslizamientos de laderas, desbordamientos de r\u00edos y arroyos o afectaciones en caminos y tramos carreteros, inundaciones en zonas bajas y saturaci\u00f3n de drenajes en sitios urbanos.<\/p>\n","protected":false},"excerpt":{"rendered":"<p>&nbsp; La depresi\u00f3n tropical 5-E que se localiza en el Oc\u00e9ano Pac\u00edfico podr\u00eda intensificarse a tormenta tropical en las pr\u00f3ximas horas, mientras que el hurac\u00e1n Celia evoluciona a hurac\u00e1n categor\u00eda 2 en la escala Saffir-Simpson al incrementar la velocidad de sus vientos. El Servicio Meteorol\u00f3gico Nacional (SMN) detall\u00f3 que a las 7:00 horas de este &hellip; <\/p>\n<p><a class=\"more-link btn\" href=\"https:\/\/lamendigapolitica.com\/?p=38385\">Seguir leyendo<\/a><\/p>\n","protected":false},"author":1,"featured_media":0,"comment_status":"open","ping_status":"closed","sticky":false,"template":"","format":"standard","meta":{"footnotes":""},"categories":[6,20,31,29,27,22],"tags":[],"class_list":["post-38385","post","type-post","status-publish","format-standard","hentry","category-congreso","category-gobierno","category-internacional","category-salud","category-seguridad","category-sociales","item-wrap"],"_links":{"self":[{"href":"https:\/\/lamendigapolitica.com\/index.php?rest_route=\/wp\/v2\/posts\/38385","targetHints":{"allow":["GET"]}}],"collection":[{"href":"https:\/\/lamendigapolitica.com\/index.php?rest_route=\/wp\/v2\/posts"}],"about":[{"href":"https:\/\/lamendigapolitica.com\/index.php?rest_route=\/wp\/v2\/types\/post"}],"author":[{"embeddable":true,"href":"https:\/\/lamendigapolitica.com\/index.php?rest_route=\/wp\/v2\/users\/1"}],"replies":[{"embeddable":true,"href":"https:\/\/lamendigapolitica.com\/index.php?rest_route=%2Fwp%2Fv2%2Fcomments&post=38385"}],"version-history":[{"count":1,"href":"https:\/\/lamendigapolitica.com\/index.php?rest_route=\/wp\/v2\/posts\/38385\/revisions"}],"predecessor-version":[{"id":38387,"href":"https:\/\/lamendigapolitica.com\/index.php?rest_route=\/wp\/v2\/posts\/38385\/revisions\/38387"}],"wp:attachment":[{"href":"https:\/\/lamendigapolitica.com\/index.php?rest_route=%2Fwp%2Fv2%2Fmedia&parent=38385"}],"wp:term":[{"taxonomy":"category","embeddable":true,"href":"https:\/\/lamendigapolitica.com\/index.php?rest_route=%2Fwp%2Fv2%2Fcategories&post=38385"},{"taxonomy":"post_tag","embeddable":true,"href":"https:\/\/lamendigapolitica.com\/index.php?rest_route=%2Fwp%2Fv2%2Ftags&post=38385"}],"curies":[{"name":"wp","href":"https:\/\/api.w.org\/{rel}","templated":true}]}}