{"id":38373,"date":"2016-07-12T08:48:43","date_gmt":"2016-07-12T13:48:43","guid":{"rendered":"http:\/\/lamendigapolitica.com\/blog\/?p=38373"},"modified":"2016-07-12T08:48:43","modified_gmt":"2016-07-12T13:48:43","slug":"segob-y-cnte-acuerdan-tres-mesas-de-dialogo","status":"publish","type":"post","link":"https:\/\/lamendigapolitica.com\/?p=38373","title":{"rendered":"Segob y CNTE acuerdan tres mesas de di\u00e1logo"},"content":{"rendered":"<p><a href=\"https:\/\/lamendigapolitica.com\/blog\/blog\/wp-content\/uploads\/2016\/07\/V\u00edctor-Zavala-l\u00edder-de-la-Secci\u00f3n-18-de-Michoac\u00e1n.jpg\" rel=\"attachment wp-att-38374\"><img loading=\"lazy\" decoding=\"async\" class=\"aligncenter  wp-image-38374\" src=\"https:\/\/lamendigapolitica.com\/blog\/blog\/wp-content\/uploads\/2016\/07\/V\u00edctor-Zavala-l\u00edder-de-la-Secci\u00f3n-18-de-Michoac\u00e1n.jpg\" alt=\"V\u00edctor Zavala, l\u00edder de la Secci\u00f3n 18 de Michoac\u00e1n,\" width=\"374\" height=\"232\" \/><\/a><\/p>\n<p>&nbsp;<\/p>\n<p>La Secretar\u00eda de Gobernaci\u00f3n (Segob) y la Coordinadora Nacional de Trabajadores de la Educaci\u00f3n (CNTE) llegaron a un acuerdo de instalar tres mesas de trabajo para desahogar el pliego petitorio de los profesores, las cuales iniciar\u00e1n ma\u00f1ana\u00a0 13 de julio. Luego de cuatro horas de di\u00e1logo, se acord\u00f3 que se instalar\u00e1n dos de ellas esta semana, y la siguiente el martes de la pr\u00f3xima. Ser\u00e1 una\u00a0 pol\u00edtica, otra educativa y otra de car\u00e1cter social.<\/p>\n<p>&nbsp;<\/p>\n<p>El calendario de las reuniones es: 13 de julio la mesa pol\u00edtica, 19 de julio la mesa educativa y 21 de julio la mesa social, donde en cada una de ellas se definir\u00e1 cu\u00e1les ser\u00e1n sus alcances, aunque para los maestros de la Coordinadora siguen en pie los puntos de su pliego petitorio. Al parecer, la CNTE sali\u00f3 con el buen sabor de boca de las mesas, pues seg\u00fan dijo V\u00edctor Zavala, l\u00edder de la Secci\u00f3n 18 de Michoac\u00e1n, este di\u00e1logo ser\u00e1 con ellos. \u201cCreemos que pr\u00e1cticamente todos los temas los vamos a tocar en las mesas, lo que pedimos es que tengamos los resultados y que el gobierno, a trav\u00e9s de la Secretar\u00eda de Gobernaci\u00f3n, cumpla\u201d, dijo el maestro michoacano<\/p>\n<p>&nbsp;<\/p>\n<p>La postura de la Coordinadora fue redondeada por el l\u00edder de la Secci\u00f3n 7 de Chiapas, Adelfo Alejandro G\u00f3mez, quien al igual que Osorio, explic\u00f3 que las tem\u00e1ticas de las mesas ser\u00e1n definidas cuando se instalen, por lo que no pueden saber los alcances de las mismas. \u201cEste di\u00e1logo (la del lunes por la noche) ten\u00eda la expectativa de pasar a la negociaci\u00f3n. Las mesas van a plantear la ruta a seguir en cuanto a los tres ejes que dimos a conocer en el documento, y seguimos manteniendo las demandas\u201d, dijo G\u00f3mez.<\/p>\n<p>&nbsp;<\/p>\n<p>Las tres exigencias son: abrogaci\u00f3n de la reforma educativa, transformaci\u00f3n del modelo educativo nacional y distensi\u00f3n de las consecuencias. Finalmente, el profesor chiapaneco dijo que su plan de lucha sigue, por lo que las marchas y el paro magisterial continuar\u00e1.<\/p>\n","protected":false},"excerpt":{"rendered":"<p>&nbsp; La Secretar\u00eda de Gobernaci\u00f3n (Segob) y la Coordinadora Nacional de Trabajadores de la Educaci\u00f3n (CNTE) llegaron a un acuerdo de instalar tres mesas de trabajo para desahogar el pliego petitorio de los profesores, las cuales iniciar\u00e1n ma\u00f1ana\u00a0 13 de julio. Luego de cuatro horas de di\u00e1logo, se acord\u00f3 que se instalar\u00e1n dos de ellas &hellip; <\/p>\n<p><a class=\"more-link btn\" href=\"https:\/\/lamendigapolitica.com\/?p=38373\">Seguir leyendo<\/a><\/p>\n","protected":false},"author":1,"featured_media":0,"comment_status":"open","ping_status":"closed","sticky":false,"template":"","format":"standard","meta":{"footnotes":""},"categories":[6,28,20,5,3],"tags":[],"class_list":["post-38373","post","type-post","status-publish","format-standard","hentry","category-congreso","category-educacion","category-gobierno","category-partidos","category-politica","item-wrap"],"_links":{"self":[{"href":"https:\/\/lamendigapolitica.com\/index.php?rest_route=\/wp\/v2\/posts\/38373","targetHints":{"allow":["GET"]}}],"collection":[{"href":"https:\/\/lamendigapolitica.com\/index.php?rest_route=\/wp\/v2\/posts"}],"about":[{"href":"https:\/\/lamendigapolitica.com\/index.php?rest_route=\/wp\/v2\/types\/post"}],"author":[{"embeddable":true,"href":"https:\/\/lamendigapolitica.com\/index.php?rest_route=\/wp\/v2\/users\/1"}],"replies":[{"embeddable":true,"href":"https:\/\/lamendigapolitica.com\/index.php?rest_route=%2Fwp%2Fv2%2Fcomments&post=38373"}],"version-history":[{"count":1,"href":"https:\/\/lamendigapolitica.com\/index.php?rest_route=\/wp\/v2\/posts\/38373\/revisions"}],"predecessor-version":[{"id":38375,"href":"https:\/\/lamendigapolitica.com\/index.php?rest_route=\/wp\/v2\/posts\/38373\/revisions\/38375"}],"wp:attachment":[{"href":"https:\/\/lamendigapolitica.com\/index.php?rest_route=%2Fwp%2Fv2%2Fmedia&parent=38373"}],"wp:term":[{"taxonomy":"category","embeddable":true,"href":"https:\/\/lamendigapolitica.com\/index.php?rest_route=%2Fwp%2Fv2%2Fcategories&post=38373"},{"taxonomy":"post_tag","embeddable":true,"href":"https:\/\/lamendigapolitica.com\/index.php?rest_route=%2Fwp%2Fv2%2Ftags&post=38373"}],"curies":[{"name":"wp","href":"https:\/\/api.w.org\/{rel}","templated":true}]}}