{"id":38368,"date":"2016-07-11T16:49:55","date_gmt":"2016-07-11T21:49:55","guid":{"rendered":"http:\/\/lamendigapolitica.com\/blog\/?p=38368"},"modified":"2016-07-11T17:04:37","modified_gmt":"2016-07-11T22:04:37","slug":"tempestady-no-se-hincan","status":"publish","type":"post","link":"https:\/\/lamendigapolitica.com\/?p=38368","title":{"rendered":"Tempestad\u2026y no se hincan"},"content":{"rendered":"<p><a href=\"https:\/\/lamendigapolitica.com\/blog\/blog\/wp-content\/uploads\/2016\/07\/guero11-1.jpg\" rel=\"attachment wp-att-38369\"><img loading=\"lazy\" decoding=\"async\" class=\"alignleft size-thumbnail wp-image-38369\" src=\"https:\/\/lamendigapolitica.com\/blog\/blog\/wp-content\/uploads\/2016\/07\/guero11-1-150x150.jpg\" alt=\"guero11\" width=\"150\" height=\"150\" \/><\/a><\/p>\n<h3><span style=\"color: #333399;\">CAVILANDO ANDO\/Alfonso Garc\u00eda Sevilla<\/span><\/h3>\n<p>La crisis de la administraci\u00f3n de Pe\u00f1a Nieto ha hecho estragos directamente en su partido, el viejo y obtuso PRI, cada d\u00eda menos capaz de mostrar f\u00f3rmulas nuevas que atraigan al electorado a\u00fan teniendo el poder.<\/p>\n<p>Ante la inminente llegada de un tecn\u00f3crata a su dirigencia nacional me asaltan las siguientes reflexiones:<\/p>\n<p>Pe\u00f1a Nieto se qued\u00f3 solo, sin operadores pol\u00edticos formados en el PRI, capaces y de confianza, hoy tiene que echar mano de su c\u00edrculo cercano de colaboradores de nula experiencia en lides partidistas con la tarea casi imposible de recomponer al tricolor despu\u00e9s de la estrepitosa debacle electoral de este a\u00f1o y \u00a0en aras de la important\u00edsima elecci\u00f3n del Estado de M\u00e9xico en el 17.<\/p>\n<p>Enrique Ochoa Reza, el nuevo mandam\u00e1s priista tiene el reto de renovar una imagen hecha a\u00f1icos por la ausencia de resultados de las tan cacareadas 11 reformas y un c\u00famulo de actos de corrupci\u00f3n e impunidad que pasan desde los 47 de Ayotzinapa, hasta la Casa Blanca de la Gaviota.<\/p>\n<p>Los priistas perdieron la oportunidad de mostrar que realmente los doce a\u00f1os que pasaron fuera de los Pinos les hizo entender la realidad de la sociedad y la necesidad de nuevas formas de hace pol\u00edtica, iniciando desde dentro.<\/p>\n<p>El eslogan de que Pe\u00f1a representaba un \u201cNuevo PRI\u201d se ha ca\u00eddo en pedazos, d\u00eda a d\u00eda nos demuestra que el ADN jur\u00e1sico sigue vivo al igual que las pr\u00e1cticas que supuestamente iban a desterrar. \u201cM\u00e1s cerca de la gente\u201d nunca estuvieron ni el partido ni el gobierno.<\/p>\n<p>La debilidad del inquilino en los Pinos se agudiz\u00f3 despu\u00e9s de la Cumbre de L\u00edderes de Norteam\u00e9rica, donde su desatinada participaci\u00f3n lo hizo blanco de las burlas masivas en las redes sociales, esto aunado al fracaso electoral e junio pasado deja como resultado un partido en terapia intensiva, donde queda de manifiesto que los grandes operadores tricolores ya no entienden a la sociedad actual, el \u00faltimo de ellos, Manlio Fabio Beltrones fue incapaz de hacerlo, lo que debe llevar a la reflexi\u00f3n a los estrategas priistas para redefinir acciones contundentes inmediatas de cara al 2018.<\/p>\n<p>Desconozco m\u00e1s all\u00e1 de sus blasones acad\u00e9micos y su gesti\u00f3n al frente de la Comisi\u00f3n Federal de Electricidad a Enrique Ochoa Reza, lo que s\u00ed queda claro es que la \u201cDedocracia\u201d sigue siendo la manera en la que el presidente de la Rep\u00fablica en turno define el rumbo del PRI sin que medie la opini\u00f3n y el sentir de la militancia.<\/p>\n<p>Error que \u00faltimamente les ha costado elecciones y que de perder las que vienen del 17 y 18 pondr\u00e1n a Enrique Pe\u00f1a Nieto, sin duda, \u00a0como el sucesor de Carlos Salinas de Gortari con el t\u00edtulo del villano favorito de los tricolores.<\/p>\n<h3>Analista pol\u00edtico<\/h3>\n<h3>@aagsevilla<\/h3>\n","protected":false},"excerpt":{"rendered":"<p>CAVILANDO ANDO\/Alfonso Garc\u00eda Sevilla La crisis de la administraci\u00f3n de Pe\u00f1a Nieto ha hecho estragos directamente en su partido, el viejo y obtuso PRI, cada d\u00eda menos capaz de mostrar f\u00f3rmulas nuevas que atraigan al electorado a\u00fan teniendo el poder. Ante la inminente llegada de un tecn\u00f3crata a su dirigencia nacional me asaltan las siguientes &hellip; <\/p>\n<p><a class=\"more-link btn\" href=\"https:\/\/lamendigapolitica.com\/?p=38368\">Seguir leyendo<\/a><\/p>\n","protected":false},"author":1,"featured_media":0,"comment_status":"open","ping_status":"closed","sticky":false,"template":"","format":"standard","meta":{"footnotes":""},"categories":[1,6,30,20,31,5,3],"tags":[],"class_list":["post-38368","post","type-post","status-publish","format-standard","hentry","category-columnista","category-congreso","category-economia","category-gobierno","category-internacional","category-partidos","category-politica","item-wrap"],"_links":{"self":[{"href":"https:\/\/lamendigapolitica.com\/index.php?rest_route=\/wp\/v2\/posts\/38368","targetHints":{"allow":["GET"]}}],"collection":[{"href":"https:\/\/lamendigapolitica.com\/index.php?rest_route=\/wp\/v2\/posts"}],"about":[{"href":"https:\/\/lamendigapolitica.com\/index.php?rest_route=\/wp\/v2\/types\/post"}],"author":[{"embeddable":true,"href":"https:\/\/lamendigapolitica.com\/index.php?rest_route=\/wp\/v2\/users\/1"}],"replies":[{"embeddable":true,"href":"https:\/\/lamendigapolitica.com\/index.php?rest_route=%2Fwp%2Fv2%2Fcomments&post=38368"}],"version-history":[{"count":3,"href":"https:\/\/lamendigapolitica.com\/index.php?rest_route=\/wp\/v2\/posts\/38368\/revisions"}],"predecessor-version":[{"id":38372,"href":"https:\/\/lamendigapolitica.com\/index.php?rest_route=\/wp\/v2\/posts\/38368\/revisions\/38372"}],"wp:attachment":[{"href":"https:\/\/lamendigapolitica.com\/index.php?rest_route=%2Fwp%2Fv2%2Fmedia&parent=38368"}],"wp:term":[{"taxonomy":"category","embeddable":true,"href":"https:\/\/lamendigapolitica.com\/index.php?rest_route=%2Fwp%2Fv2%2Fcategories&post=38368"},{"taxonomy":"post_tag","embeddable":true,"href":"https:\/\/lamendigapolitica.com\/index.php?rest_route=%2Fwp%2Fv2%2Ftags&post=38368"}],"curies":[{"name":"wp","href":"https:\/\/api.w.org\/{rel}","templated":true}]}}