{"id":38359,"date":"2016-07-11T15:10:29","date_gmt":"2016-07-11T20:10:29","guid":{"rendered":"http:\/\/lamendigapolitica.com\/blog\/?p=38359"},"modified":"2016-07-11T15:10:29","modified_gmt":"2016-07-11T20:10:29","slug":"iconia-siempre-si","status":"publish","type":"post","link":"https:\/\/lamendigapolitica.com\/?p=38359","title":{"rendered":"ICONIA, siempre s\u00ed"},"content":{"rendered":"<p><a href=\"https:\/\/lamendigapolitica.com\/blog\/blog\/wp-content\/uploads\/2016\/07\/cesar-ruvalcaba.jpg\" rel=\"attachment wp-att-38360\"><img loading=\"lazy\" decoding=\"async\" class=\"alignleft wp-image-38360 size-thumbnail\" src=\"https:\/\/lamendigapolitica.com\/blog\/blog\/wp-content\/uploads\/2016\/07\/cesar-ruvalcaba-150x150.jpg\" alt=\"cesar ruvalcaba\" width=\"150\" height=\"150\" \/><\/a><\/p>\n<h3><span style=\"color: #808000;\">RESTAURACI\u00d3N\/C\u00e9sar Ruvalcaba G\u00f3mez<\/span><\/h3>\n<p>Imagine usted: un desarrollo inmobiliario sustentable cerca de la barranca de Huentit\u00e1n, m\u00e1s espacios p\u00fablicos para los vecinos, museos, centros tecnol\u00f3gicos, hospitales y la mejora del equipamiento urbano de una de las zonas m\u00e1s deprimidas de Guadalajara.<\/p>\n<p>Se escucha bien \u00bfno?, pues as\u00ed se las vendieron y as\u00ed se las compr\u00f3 en 2008 el Ayuntamiento de Guadalajara a una empresa espa\u00f1ola que les vendi\u00f3 espejitos. Deb\u00edan terminar el proyecto en 2 a\u00f1os. Van 8 y no han puesto ni un ladrillo.<\/p>\n<p>Publicado el 10 de julio de 2008, en la Gaceta con el decreto D54\/17\/08, se aprob\u00f3 la edificaci\u00f3n de Puerta Guadalajara, proyecto en el que el Ayuntamiento aportar\u00eda 136 mil 495 metros cuadrados de un predio a una empresa privada a cambio de obras p\u00fablicas previamente definidas por 65 millones 534 mil d\u00f3lares.<\/p>\n<p>De entrada hab\u00eda una trampa. Las obras en contraprestaci\u00f3n correr\u00edan a cargo de la constructora espa\u00f1ola con lo que podr\u00edan amortizar precios. Adem\u00e1s la entrega de permisos de construcci\u00f3n ser\u00eda sin costo a la empresa con los cual -se estima- se ahorrar\u00edan m\u00e1s de 400 millones de pesos por ese concepto.<\/p>\n<p>La empresa espa\u00f1ola no ten\u00eda dinero, no hizo nada m\u00e1s que un gran negocio enga\u00f1abobos de saliva.<\/p>\n<p>La empresa vendi\u00f3 (sin autorizaci\u00f3n del Ayuntamiento) los derechos del proyecto a grupo Mecano (este al parecer m\u00e1s solvente y nacional) y estos \u00faltimos desde 2010 buscaron al entonces alcalde Arist\u00f3teles Sandoval y luego a Ramiro Hern\u00e1ndez para continuar el proyecto.<\/p>\n<p>\u00bfPorque en ninguna de las dos administraciones pasadas logr\u00f3 Mecano iniciar el proyecto? \u00bfPorque no abraz\u00f3 el Ayuntamiento la nueva iniciativa?<\/p>\n<p>Sencillo; porque quer\u00edan meter gol otra vez. Ni Arist\u00f3teles ni Ramiro estuvieron dispuestos a aceptar condiciones desfavorables para los Tapat\u00edos y que se traduc\u00edan en la p\u00e9rdida de espacios p\u00fablicos que son de todos.<\/p>\n<p>Primero, propon\u00edan realizar ellos las obras por los 65 millones de d\u00f3lares pero VALUADOS A 10.50 PESOS POR D\u00d3LAR, lo que costaban hace 8 a\u00f1os. Solo con esta trampa se pierde para los Tapat\u00edos 465 millones de pesos.<\/p>\n<p>Hace unos d\u00edas escuchamos que el \u00a0alcalde Alfaro (cuando regrese de sus vacaciones en la Eurocopa) si quiere hacer el proyecto as\u00ed como se la pongan, sin m\u00e1s que una actitud entreguista.<\/p>\n<p>Siempre que uno abra la boca hay que saber lo que se dice, no vaya a ser que despu\u00e9s esas palabras tengan que ser digeridas de manera propia.<\/p>\n<p>Cuando tuve oportunidad de servir a Guadalajara como Regidor en la pasada administraci\u00f3n municipal recibimos m\u00faltiples se\u00f1alamientos infundados de actores pol\u00edticos que criticaban el proyecto de ICONIA y se manifestaban por recuperar el premio en cuesti\u00f3n bajo el argumento que era un negocio que se quer\u00eda realizar. \u00bfAdivinan quienes dec\u00edan esto?<\/p>\n<p>Exacto, Los mismos del Partido Movimiento Ciudadano que hoy se felicitan por el gran proyecto que van a hacer.<\/p>\n<p>Pol\u00edticos de muy poca \u00e9tica, pragm\u00e1ticos en las mentiras, camaleones que desprestigian la pol\u00edtica de verdad. Eso es lo que Alfaro y su doble discurso representan en una sociedad en crisis de identidad.<\/p>\n<p>Ya lo hicieron con el proyecto de Luminarias y ahora con ICONIA; la misma f\u00f3rmula de criticar si el otro lo hace y luego hacerlo ellos mismo y anunciar su logro.<\/p>\n<p>M\u00e1s temprano que tarde caer\u00e1n los que no dejan de morderse la lengua y sin reconocerlo, claro est\u00e1, ahora reculan lo que tanto vociferaron a ritmo de ladridos.<\/p>\n<h3>\nSecretario Organizaci\u00f3n PRI Guadalajara<\/h3>\n<h3>@Cesar_Ruvalcaba<\/h3>\n","protected":false},"excerpt":{"rendered":"<p>RESTAURACI\u00d3N\/C\u00e9sar Ruvalcaba G\u00f3mez Imagine usted: un desarrollo inmobiliario sustentable cerca de la barranca de Huentit\u00e1n, m\u00e1s espacios p\u00fablicos para los vecinos, museos, centros tecnol\u00f3gicos, hospitales y la mejora del equipamiento urbano de una de las zonas m\u00e1s deprimidas de Guadalajara. Se escucha bien \u00bfno?, pues as\u00ed se las vendieron y as\u00ed se las compr\u00f3 en &hellip; <\/p>\n<p><a class=\"more-link btn\" href=\"https:\/\/lamendigapolitica.com\/?p=38359\">Seguir leyendo<\/a><\/p>\n","protected":false},"author":1,"featured_media":0,"comment_status":"open","ping_status":"closed","sticky":false,"template":"","format":"standard","meta":{"footnotes":""},"categories":[1,6,20,31,5,3,27],"tags":[],"class_list":["post-38359","post","type-post","status-publish","format-standard","hentry","category-columnista","category-congreso","category-gobierno","category-internacional","category-partidos","category-politica","category-seguridad","item-wrap"],"_links":{"self":[{"href":"https:\/\/lamendigapolitica.com\/index.php?rest_route=\/wp\/v2\/posts\/38359","targetHints":{"allow":["GET"]}}],"collection":[{"href":"https:\/\/lamendigapolitica.com\/index.php?rest_route=\/wp\/v2\/posts"}],"about":[{"href":"https:\/\/lamendigapolitica.com\/index.php?rest_route=\/wp\/v2\/types\/post"}],"author":[{"embeddable":true,"href":"https:\/\/lamendigapolitica.com\/index.php?rest_route=\/wp\/v2\/users\/1"}],"replies":[{"embeddable":true,"href":"https:\/\/lamendigapolitica.com\/index.php?rest_route=%2Fwp%2Fv2%2Fcomments&post=38359"}],"version-history":[{"count":1,"href":"https:\/\/lamendigapolitica.com\/index.php?rest_route=\/wp\/v2\/posts\/38359\/revisions"}],"predecessor-version":[{"id":38361,"href":"https:\/\/lamendigapolitica.com\/index.php?rest_route=\/wp\/v2\/posts\/38359\/revisions\/38361"}],"wp:attachment":[{"href":"https:\/\/lamendigapolitica.com\/index.php?rest_route=%2Fwp%2Fv2%2Fmedia&parent=38359"}],"wp:term":[{"taxonomy":"category","embeddable":true,"href":"https:\/\/lamendigapolitica.com\/index.php?rest_route=%2Fwp%2Fv2%2Fcategories&post=38359"},{"taxonomy":"post_tag","embeddable":true,"href":"https:\/\/lamendigapolitica.com\/index.php?rest_route=%2Fwp%2Fv2%2Ftags&post=38359"}],"curies":[{"name":"wp","href":"https:\/\/api.w.org\/{rel}","templated":true}]}}