{"id":38351,"date":"2016-07-11T10:41:11","date_gmt":"2016-07-11T15:41:11","guid":{"rendered":"http:\/\/lamendigapolitica.com\/blog\/?p=38351"},"modified":"2016-07-11T10:41:11","modified_gmt":"2016-07-11T15:41:11","slug":"andrea-leadsom-renuncia-a-suceder-a-cameron","status":"publish","type":"post","link":"https:\/\/lamendigapolitica.com\/?p=38351","title":{"rendered":"Andrea Leadsom renuncia a suceder a Cameron"},"content":{"rendered":"<p><a href=\"https:\/\/lamendigapolitica.com\/blog\/blog\/wp-content\/uploads\/2016\/07\/renuncia.jpg\" rel=\"attachment wp-att-38352\"><img loading=\"lazy\" decoding=\"async\" class=\"aligncenter  wp-image-38352\" src=\"https:\/\/lamendigapolitica.com\/blog\/blog\/wp-content\/uploads\/2016\/07\/renuncia.jpg\" alt=\"renuncia\" width=\"364\" height=\"260\" \/><\/a><\/p>\n<p>&nbsp;<\/p>\n<p>La candidata Andrea Leadsom anunci\u00f3 hoy que se retira de la carrera para ser l\u00edder del Partido Conservador brit\u00e1nico y primera ministra del Reino Unido, lo que deja la v\u00eda libre a su \u00fanica rival, Theresa May.<\/p>\n<p>&nbsp;<\/p>\n<p>May y Leadsom, que fueron preseleccionadas por el grupo parlamentario conservador para el doble cargo, compet\u00edan por el voto de las bases en unas elecciones internas que iban a concluir el 9 de septiembre, cuando se hubiera revelado el nombre de la ganadora. Con la marcha de Leadsom, el proceso de proclamaci\u00f3n de la nueva l\u00edder \u201ctory\u201d y primera ministra, que sustituir\u00e1 al dimisionario David Cameron, podr\u00eda adelantarse.<\/p>\n<p>&nbsp;<\/p>\n<p>El comit\u00e9 1922 del grupo parlamentario conservador aclarar\u00e1 en breve si Theresa May, de 59 a\u00f1os, puede ser declarada primera ministra de inmediato o si debe competir con otro candidato para que las bases tengan oportunidad de votar. En su discurso de despedida, Leadsom dijo que May era la persona \u201cideal\u201d para dirigir el Ejecutivo, ya que cuenta con un amplio apoyo dentro del grupo parlamentario, pues recibi\u00f3 los votos de 199 de 329 diputados \u201ctories\u201d frente a los 84 de la secretaria de Estado de Energ\u00eda.<\/p>\n<p>&nbsp;<\/p>\n<p>La dimisionaria, que apoy\u00f3 el \u201cbrexit\u201d en el refer\u00e9ndum del 23 de junio, se disculp\u00f3 hoy por haber sugerido en una reciente entrevista con The Times que estaba mejor cualificada que su rival para ser primera ministra por el hecho de ser madre y fue muy criticada. Si el comit\u00e9 1922 decide hoy que May, ministra del Interior, puede ser proclamada inmediatamente l\u00edder conservadora y primera ministra, Cameron deber\u00e1 adelantar su marcha de Downing Street.<\/p>\n<p>&nbsp;<\/p>\n<p>El actual primer ministro dimiti\u00f3 tras el voto favorable a la salida de la UE en el refer\u00e9ndum, pero dijo que se quedar\u00eda al frente del Gobierno hasta que se eligiera a su sucesor, lo que iba a ocurrir en septiembre. La seria y eficiente May, que defendi\u00f3 con reservas la permanencia en ese plebiscito, se define como una candidata unificadora con experiencia demostrada, y hoy dijo que en ning\u00fan momento buscar\u00e1 revertir el resultado de la consulta: \u201cbrexit es brexit\u201d, ha dicho.<\/p>\n","protected":false},"excerpt":{"rendered":"<p>&nbsp; La candidata Andrea Leadsom anunci\u00f3 hoy que se retira de la carrera para ser l\u00edder del Partido Conservador brit\u00e1nico y primera ministra del Reino Unido, lo que deja la v\u00eda libre a su \u00fanica rival, Theresa May. &nbsp; May y Leadsom, que fueron preseleccionadas por el grupo parlamentario conservador para el doble cargo, compet\u00edan &hellip; <\/p>\n<p><a class=\"more-link btn\" href=\"https:\/\/lamendigapolitica.com\/?p=38351\">Seguir leyendo<\/a><\/p>\n","protected":false},"author":1,"featured_media":0,"comment_status":"open","ping_status":"closed","sticky":false,"template":"","format":"standard","meta":{"footnotes":""},"categories":[6,20,31,5,3],"tags":[],"class_list":["post-38351","post","type-post","status-publish","format-standard","hentry","category-congreso","category-gobierno","category-internacional","category-partidos","category-politica","item-wrap"],"_links":{"self":[{"href":"https:\/\/lamendigapolitica.com\/index.php?rest_route=\/wp\/v2\/posts\/38351","targetHints":{"allow":["GET"]}}],"collection":[{"href":"https:\/\/lamendigapolitica.com\/index.php?rest_route=\/wp\/v2\/posts"}],"about":[{"href":"https:\/\/lamendigapolitica.com\/index.php?rest_route=\/wp\/v2\/types\/post"}],"author":[{"embeddable":true,"href":"https:\/\/lamendigapolitica.com\/index.php?rest_route=\/wp\/v2\/users\/1"}],"replies":[{"embeddable":true,"href":"https:\/\/lamendigapolitica.com\/index.php?rest_route=%2Fwp%2Fv2%2Fcomments&post=38351"}],"version-history":[{"count":1,"href":"https:\/\/lamendigapolitica.com\/index.php?rest_route=\/wp\/v2\/posts\/38351\/revisions"}],"predecessor-version":[{"id":38353,"href":"https:\/\/lamendigapolitica.com\/index.php?rest_route=\/wp\/v2\/posts\/38351\/revisions\/38353"}],"wp:attachment":[{"href":"https:\/\/lamendigapolitica.com\/index.php?rest_route=%2Fwp%2Fv2%2Fmedia&parent=38351"}],"wp:term":[{"taxonomy":"category","embeddable":true,"href":"https:\/\/lamendigapolitica.com\/index.php?rest_route=%2Fwp%2Fv2%2Fcategories&post=38351"},{"taxonomy":"post_tag","embeddable":true,"href":"https:\/\/lamendigapolitica.com\/index.php?rest_route=%2Fwp%2Fv2%2Ftags&post=38351"}],"curies":[{"name":"wp","href":"https:\/\/api.w.org\/{rel}","templated":true}]}}